{"id":89,"date":"2011-11-09T15:45:16","date_gmt":"2011-11-09T14:45:16","guid":{"rendered":"http:\/\/geowww.agrocampus-ouest.fr\/gene\/wp\/?p=89"},"modified":"2022-01-10T15:53:43","modified_gmt":"2022-01-10T14:53:43","slug":"portail-vidae-ore-agrhys-site-de-naizin-56","status":"publish","type":"post","link":"https:\/\/geosas.fr\/web\/?p=89","title":{"rendered":"Orthophoto lib\u00e9r\u00e9e &#8230; et dans VIDAE"},"content":{"rendered":"<p>L&rsquo;Orthophotographie du Morbihan \u00e0 20 cm de r\u00e9solution est disponible via le Portail VIDAE, site de Naizin.<br \/>\nCette orthophotographie r\u00e9alis\u00e9e sur le territoire du Morbihan en 2010 dans le cadre d&rsquo;un march\u00e9 e-m\u00e9galis Bretagne est suivi techniquement par le p\u00f4le m\u00e9tier ortho-MNT de G\u00e9oBretagne.<br \/>\nL&rsquo;id\u00e9e est de mutualiser l&rsquo;acquisition d&rsquo;une orthophotographie a\u00e9rienne et d&rsquo;un mod\u00e8le num\u00e9rique de terrain (MNT) pour les diffuser gratuitement, libres de droit &#8230;<br \/>\nLe Planning pour les autres d\u00e9partements :<\/p>\n<ul>\n<li>d\u00e9partements de l&rsquo;Ille et Vilaine : vol \u00e9t\u00e9 2011 et livraison printemps 2012,<\/li>\n<li>d\u00e9partement du Finist\u00e8re et des C\u00f4tes d&rsquo;Armor : vol \u00e9t\u00e9 2012 et livraison printemps 2013.<\/li>\n<\/ul>\n<p><a title=\"La fiche de m\u00e9tadonn\u00e9e de l'orthophotographie du Morbihan\" href=\"https:\/\/geobretagne.fr\/geonetwork\/srv\/fre\/catalog.search#\/metadata\/9ad85e98-5ead-4cc7-8b83-94ff3e87058a\" target=\"_blank\" rel=\"noopener\">La fiche de M\u00e9tadonn\u00e9e de l&rsquo;orthophotographie du Morbihan<\/a><br \/>\nLes portails cartographiques de G\u00e9oSAS et de l&rsquo;ORE AgrHyS b\u00e9n\u00e9ficient donc de cette lib\u00e9ration en proposant cette orthophoto comme image de fond  !<\/p>\n","protected":false},"excerpt":{"rendered":"<p>L&rsquo;Orthophotographie du Morbihan \u00e0 20 cm de r\u00e9solution est disponible via le Portail VIDAE, site de Naizin. Cette orthophotographie r\u00e9alis\u00e9e sur le territoire du Morbihan &hellip; <\/p>\n","protected":false},"author":1,"featured_media":0,"comment_status":"closed","ping_status":"closed","sticky":false,"template":"","format":"standard","meta":{"footnotes":""},"categories":[4,9],"tags":[],"class_list":["post-89","post","type-post","status-publish","format-standard","hentry","category-donnees","category-toutes-les-actualites"],"yoast_head":"<!-- This site is optimized with the Yoast SEO plugin v24.7 - https:\/\/yoast.com\/wordpress\/plugins\/seo\/ -->\n<title>Orthophoto lib\u00e9r\u00e9e ... et dans VIDAE - G\u00e9oSAS<\/title>\n<meta name=\"robots\" content=\"index, follow, max-snippet:-1, max-image-preview:large, max-video-preview:-1\" \/>\n<link rel=\"canonical\" href=\"https:\/\/geosas.fr\/web\/?p=89\" \/>\n<meta property=\"og:locale\" content=\"fr_FR\" \/>\n<meta property=\"og:type\" content=\"article\" \/>\n<meta property=\"og:title\" content=\"Orthophoto lib\u00e9r\u00e9e ... et dans VIDAE - G\u00e9oSAS\" \/>\n<meta property=\"og:description\" content=\"L&rsquo;Orthophotographie du Morbihan \u00e0 20 cm de r\u00e9solution est disponible via le Portail VIDAE, site de Naizin. Cette orthophotographie r\u00e9alis\u00e9e sur le territoire du Morbihan &hellip;\" \/>\n<meta property=\"og:url\" content=\"https:\/\/geosas.fr\/web\/?p=89\" \/>\n<meta property=\"og:site_name\" content=\"G\u00e9oSAS\" \/>\n<meta property=\"article:published_time\" content=\"2011-11-09T14:45:16+00:00\" \/>\n<meta property=\"article:modified_time\" content=\"2022-01-10T14:53:43+00:00\" \/>\n<meta property=\"og:image\" content=\"https:\/\/geosas.fr\/web\/wp-content\/uploads\/2021\/03\/cropped-Moyen-logo-BleuF-2.png\" \/>\n\t<meta property=\"og:image:width\" content=\"358\" \/>\n\t<meta property=\"og:image:height\" content=\"90\" \/>\n\t<meta property=\"og:image:type\" content=\"image\/png\" \/>\n<meta name=\"author\" content=\"Herv\u00e9 Squividant\" \/>\n<meta name=\"twitter:card\" content=\"summary_large_image\" \/>\n<meta name=\"twitter:label1\" content=\"Written by\" \/>\n\t<meta name=\"twitter:data1\" content=\"Herv\u00e9 Squividant\" \/>\n\t<meta name=\"twitter:label2\" content=\"Est. reading time\" \/>\n\t<meta name=\"twitter:data2\" content=\"1 minute\" \/>\n<script type=\"application\/ld+json\" class=\"yoast-schema-graph\">{\"@context\":\"https:\/\/schema.org\",\"@graph\":[{\"@type\":\"Article\",\"@id\":\"https:\/\/geosas.fr\/web\/?p=89#article\",\"isPartOf\":{\"@id\":\"https:\/\/geosas.fr\/web\/?p=89\"},\"author\":{\"name\":\"Herv\u00e9 Squividant\",\"@id\":\"https:\/\/geosas.fr\/web\/#\/schema\/person\/f03aaac89a85e6d8a9deca51f6a746e6\"},\"headline\":\"Orthophoto lib\u00e9r\u00e9e &#8230; et dans VIDAE\",\"datePublished\":\"2011-11-09T14:45:16+00:00\",\"dateModified\":\"2022-01-10T14:53:43+00:00\",\"mainEntityOfPage\":{\"@id\":\"https:\/\/geosas.fr\/web\/?p=89\"},\"wordCount\":150,\"publisher\":{\"@id\":\"https:\/\/geosas.fr\/web\/#organization\"},\"articleSection\":[\"Donn\u00e9es\",\"Toutes les actualit\u00e9s\"],\"inLanguage\":\"fr-FR\"},{\"@type\":\"WebPage\",\"@id\":\"https:\/\/geosas.fr\/web\/?p=89\",\"url\":\"https:\/\/geosas.fr\/web\/?p=89\",\"name\":\"Orthophoto lib\u00e9r\u00e9e ... et dans VIDAE - G\u00e9oSAS\",\"isPartOf\":{\"@id\":\"https:\/\/geosas.fr\/web\/#website\"},\"datePublished\":\"2011-11-09T14:45:16+00:00\",\"dateModified\":\"2022-01-10T14:53:43+00:00\",\"breadcrumb\":{\"@id\":\"https:\/\/geosas.fr\/web\/?p=89#breadcrumb\"},\"inLanguage\":\"fr-FR\",\"potentialAction\":[{\"@type\":\"ReadAction\",\"target\":[\"https:\/\/geosas.fr\/web\/?p=89\"]}]},{\"@type\":\"BreadcrumbList\",\"@id\":\"https:\/\/geosas.fr\/web\/?p=89#breadcrumb\",\"itemListElement\":[{\"@type\":\"ListItem\",\"position\":1,\"name\":\"Home\",\"item\":\"https:\/\/geosas.fr\/web\/\"},{\"@type\":\"ListItem\",\"position\":2,\"name\":\"Orthophoto lib\u00e9r\u00e9e &#8230; et dans VIDAE\"}]},{\"@type\":\"WebSite\",\"@id\":\"https:\/\/geosas.fr\/web\/#website\",\"url\":\"https:\/\/geosas.fr\/web\/\",\"name\":\"G\u00e9oSAS\",\"description\":\"Portail de l&#039;information g\u00e9ographique de l&#039;UMR SAS - INRAE - Institut Agro\",\"publisher\":{\"@id\":\"https:\/\/geosas.fr\/web\/#organization\"},\"potentialAction\":[{\"@type\":\"SearchAction\",\"target\":{\"@type\":\"EntryPoint\",\"urlTemplate\":\"https:\/\/geosas.fr\/web\/?s={search_term_string}\"},\"query-input\":{\"@type\":\"PropertyValueSpecification\",\"valueRequired\":true,\"valueName\":\"search_term_string\"}}],\"inLanguage\":\"fr-FR\"},{\"@type\":\"Organization\",\"@id\":\"https:\/\/geosas.fr\/web\/#organization\",\"name\":\"G\u00e9oSAS\",\"url\":\"https:\/\/geosas.fr\/web\/\",\"logo\":{\"@type\":\"ImageObject\",\"inLanguage\":\"fr-FR\",\"@id\":\"https:\/\/geosas.fr\/web\/#\/schema\/logo\/image\/\",\"url\":\"https:\/\/geosas.fr\/web\/wp-content\/uploads\/2021\/03\/cropped-Moyen-logo-BleuF-2.png\",\"contentUrl\":\"https:\/\/geosas.fr\/web\/wp-content\/uploads\/2021\/03\/cropped-Moyen-logo-BleuF-2.png\",\"width\":358,\"height\":90,\"caption\":\"G\u00e9oSAS\"},\"image\":{\"@id\":\"https:\/\/geosas.fr\/web\/#\/schema\/logo\/image\/\"}},{\"@type\":\"Person\",\"@id\":\"https:\/\/geosas.fr\/web\/#\/schema\/person\/f03aaac89a85e6d8a9deca51f6a746e6\",\"name\":\"Herv\u00e9 Squividant\",\"image\":{\"@type\":\"ImageObject\",\"inLanguage\":\"fr-FR\",\"@id\":\"https:\/\/geosas.fr\/web\/#\/schema\/person\/image\/\",\"url\":\"https:\/\/secure.gravatar.com\/avatar\/1371dfadc56137360f68c96c14e7c754a9a9c0d34e97551f4ff35b686530f162?s=96&d=mm&r=g\",\"contentUrl\":\"https:\/\/secure.gravatar.com\/avatar\/1371dfadc56137360f68c96c14e7c754a9a9c0d34e97551f4ff35b686530f162?s=96&d=mm&r=g\",\"caption\":\"Herv\u00e9 Squividant\"},\"sameAs\":[\"https:\/\/geosas.fr\/web\"],\"url\":\"https:\/\/geosas.fr\/web\/?author=1\"}]}<\/script>\n<!-- \/ Yoast SEO plugin. -->","yoast_head_json":{"title":"Orthophoto lib\u00e9r\u00e9e ... et dans VIDAE - G\u00e9oSAS","robots":{"index":"index","follow":"follow","max-snippet":"max-snippet:-1","max-image-preview":"max-image-preview:large","max-video-preview":"max-video-preview:-1"},"canonical":"https:\/\/geosas.fr\/web\/?p=89","og_locale":"fr_FR","og_type":"article","og_title":"Orthophoto lib\u00e9r\u00e9e ... et dans VIDAE - G\u00e9oSAS","og_description":"L&rsquo;Orthophotographie du Morbihan \u00e0 20 cm de r\u00e9solution est disponible via le Portail VIDAE, site de Naizin. Cette orthophotographie r\u00e9alis\u00e9e sur le territoire du Morbihan &hellip;","og_url":"https:\/\/geosas.fr\/web\/?p=89","og_site_name":"G\u00e9oSAS","article_published_time":"2011-11-09T14:45:16+00:00","article_modified_time":"2022-01-10T14:53:43+00:00","og_image":[{"width":358,"height":90,"url":"https:\/\/geosas.fr\/web\/wp-content\/uploads\/2021\/03\/cropped-Moyen-logo-BleuF-2.png","type":"image\/png"}],"author":"Herv\u00e9 Squividant","twitter_card":"summary_large_image","twitter_misc":{"Written by":"Herv\u00e9 Squividant","Est. reading time":"1 minute"},"schema":{"@context":"https:\/\/schema.org","@graph":[{"@type":"Article","@id":"https:\/\/geosas.fr\/web\/?p=89#article","isPartOf":{"@id":"https:\/\/geosas.fr\/web\/?p=89"},"author":{"name":"Herv\u00e9 Squividant","@id":"https:\/\/geosas.fr\/web\/#\/schema\/person\/f03aaac89a85e6d8a9deca51f6a746e6"},"headline":"Orthophoto lib\u00e9r\u00e9e &#8230; et dans VIDAE","datePublished":"2011-11-09T14:45:16+00:00","dateModified":"2022-01-10T14:53:43+00:00","mainEntityOfPage":{"@id":"https:\/\/geosas.fr\/web\/?p=89"},"wordCount":150,"publisher":{"@id":"https:\/\/geosas.fr\/web\/#organization"},"articleSection":["Donn\u00e9es","Toutes les actualit\u00e9s"],"inLanguage":"fr-FR"},{"@type":"WebPage","@id":"https:\/\/geosas.fr\/web\/?p=89","url":"https:\/\/geosas.fr\/web\/?p=89","name":"Orthophoto lib\u00e9r\u00e9e ... et dans VIDAE - G\u00e9oSAS","isPartOf":{"@id":"https:\/\/geosas.fr\/web\/#website"},"datePublished":"2011-11-09T14:45:16+00:00","dateModified":"2022-01-10T14:53:43+00:00","breadcrumb":{"@id":"https:\/\/geosas.fr\/web\/?p=89#breadcrumb"},"inLanguage":"fr-FR","potentialAction":[{"@type":"ReadAction","target":["https:\/\/geosas.fr\/web\/?p=89"]}]},{"@type":"BreadcrumbList","@id":"https:\/\/geosas.fr\/web\/?p=89#breadcrumb","itemListElement":[{"@type":"ListItem","position":1,"name":"Home","item":"https:\/\/geosas.fr\/web\/"},{"@type":"ListItem","position":2,"name":"Orthophoto lib\u00e9r\u00e9e &#8230; et dans VIDAE"}]},{"@type":"WebSite","@id":"https:\/\/geosas.fr\/web\/#website","url":"https:\/\/geosas.fr\/web\/","name":"G\u00e9oSAS","description":"Portail de l&#039;information g\u00e9ographique de l&#039;UMR SAS - INRAE - Institut Agro","publisher":{"@id":"https:\/\/geosas.fr\/web\/#organization"},"potentialAction":[{"@type":"SearchAction","target":{"@type":"EntryPoint","urlTemplate":"https:\/\/geosas.fr\/web\/?s={search_term_string}"},"query-input":{"@type":"PropertyValueSpecification","valueRequired":true,"valueName":"search_term_string"}}],"inLanguage":"fr-FR"},{"@type":"Organization","@id":"https:\/\/geosas.fr\/web\/#organization","name":"G\u00e9oSAS","url":"https:\/\/geosas.fr\/web\/","logo":{"@type":"ImageObject","inLanguage":"fr-FR","@id":"https:\/\/geosas.fr\/web\/#\/schema\/logo\/image\/","url":"https:\/\/geosas.fr\/web\/wp-content\/uploads\/2021\/03\/cropped-Moyen-logo-BleuF-2.png","contentUrl":"https:\/\/geosas.fr\/web\/wp-content\/uploads\/2021\/03\/cropped-Moyen-logo-BleuF-2.png","width":358,"height":90,"caption":"G\u00e9oSAS"},"image":{"@id":"https:\/\/geosas.fr\/web\/#\/schema\/logo\/image\/"}},{"@type":"Person","@id":"https:\/\/geosas.fr\/web\/#\/schema\/person\/f03aaac89a85e6d8a9deca51f6a746e6","name":"Herv\u00e9 Squividant","image":{"@type":"ImageObject","inLanguage":"fr-FR","@id":"https:\/\/geosas.fr\/web\/#\/schema\/person\/image\/","url":"https:\/\/secure.gravatar.com\/avatar\/1371dfadc56137360f68c96c14e7c754a9a9c0d34e97551f4ff35b686530f162?s=96&d=mm&r=g","contentUrl":"https:\/\/secure.gravatar.com\/avatar\/1371dfadc56137360f68c96c14e7c754a9a9c0d34e97551f4ff35b686530f162?s=96&d=mm&r=g","caption":"Herv\u00e9 Squividant"},"sameAs":["https:\/\/geosas.fr\/web"],"url":"https:\/\/geosas.fr\/web\/?author=1"}]}},"_links":{"self":[{"href":"https:\/\/geosas.fr\/web\/index.php?rest_route=\/wp\/v2\/posts\/89","targetHints":{"allow":["GET"]}}],"collection":[{"href":"https:\/\/geosas.fr\/web\/index.php?rest_route=\/wp\/v2\/posts"}],"about":[{"href":"https:\/\/geosas.fr\/web\/index.php?rest_route=\/wp\/v2\/types\/post"}],"author":[{"embeddable":true,"href":"https:\/\/geosas.fr\/web\/index.php?rest_route=\/wp\/v2\/users\/1"}],"replies":[{"embeddable":true,"href":"https:\/\/geosas.fr\/web\/index.php?rest_route=%2Fwp%2Fv2%2Fcomments&post=89"}],"version-history":[{"count":1,"href":"https:\/\/geosas.fr\/web\/index.php?rest_route=\/wp\/v2\/posts\/89\/revisions"}],"predecessor-version":[{"id":5582,"href":"https:\/\/geosas.fr\/web\/index.php?rest_route=\/wp\/v2\/posts\/89\/revisions\/5582"}],"wp:attachment":[{"href":"https:\/\/geosas.fr\/web\/index.php?rest_route=%2Fwp%2Fv2%2Fmedia&parent=89"}],"wp:term":[{"taxonomy":"category","embeddable":true,"href":"https:\/\/geosas.fr\/web\/index.php?rest_route=%2Fwp%2Fv2%2Fcategories&post=89"},{"taxonomy":"post_tag","embeddable":true,"href":"https:\/\/geosas.fr\/web\/index.php?rest_route=%2Fwp%2Fv2%2Ftags&post=89"}],"curies":[{"name":"wp","href":"https:\/\/api.w.org\/{rel}","templated":true}]}}