{"id":6005,"date":"2022-09-09T10:14:47","date_gmt":"2022-09-09T08:14:47","guid":{"rendered":"https:\/\/geosas.fr\/web\/?p=6005"},"modified":"2022-09-09T10:39:42","modified_gmt":"2022-09-09T08:39:42","slug":"observatoire-agrhys-les-donnees-doccupation-des-sols-sur-le-bassin-versant-de-naizin-depuis-1993-sont-disponibles","status":"publish","type":"post","link":"https:\/\/geosas.fr\/web\/?p=6005","title":{"rendered":"Observatoire AgrHyS : Les donn\u00e9es d\u2019occupation des sols sur le bassin versant de Naizin depuis 1993 sont disponibles"},"content":{"rendered":"<p>L\u2019occupation des sols sur le site de Naizin est suivie depuis 1993, un gros travail de mise en coh\u00e9rence du parcellaire au cours des ann\u00e9es et de publication des couches d\u2019occupation des sols a \u00e9t\u00e9 r\u00e9alis\u00e9 de l\u2019automne 2021 \u00e0 l\u2019\u00e9t\u00e9 2022 et a abouti \u00e0 la diffusion de <strong><a href=\"https:\/\/geosas.fr\/geonetwork\/srv\/fre\/catalog.search#\/search?any=occupation%20sols%20naizin\">25 couches g\u00e9ographiques suppl\u00e9mentaires<\/a> sur le portail cartographique G\u00e9oSAS, avec l\u2019occupation des sols principale de l\u2019ann\u00e9e, de 1993 \u00e0 2020.<\/strong><\/p>\n<h4><strong>Les donn\u00e9es relatives \u00e0 l\u2019observatoire AgrHyS&nbsp;<\/strong><\/h4>\n<p><strong>AgrHyS est un observatoire de la zone critique<\/strong> (appartenant \u00e0 l\u2019infrastructure de recherche nationale OZCAR) financ\u00e9 par <a href=\"https:\/\/www.inrae.fr\/\">INRAE<\/a>. Outil collectif, le dispositif vient en support \u00e0 de nombreux programmes et travaux de recherche pilot\u00e9s en particulier par les unit\u00e9s mixtes de recherches rennaises <a href=\"https:\/\/www6.rennes.inrae.fr\/umrsas\/\">SAS<\/a> et <a href=\"https:\/\/geosciences.univ-rennes1.fr\/\">G\u00e9osciences Rennes<\/a>.<\/p>\n<p>Les <strong>objectifs num\u00e9riques d\u2019un tel observatoire<\/strong> sont de diffuser des donn\u00e9es <a href=\"https:\/\/geosas.fr\/web\/?page_id=103\">d\u2019observation de l\u2019environnement<\/a> pour alimenter des travaux de recherche visant \u00e0 construire une compr\u00e9hension int\u00e9gr\u00e9e des (agro-)\u00e9cosyst\u00e8mes, par opposition aux approches disciplinaires qui abordent plut\u00f4t un compartiment (le sol, le vivant, l\u2019eau\u2026) \u00e0 la fois. <strong>L\u2019enjeu<\/strong> qui d\u00e9coule de ce travail d\u2019int\u00e9gration est le <strong>besoin de services num\u00e9riques<\/strong> permettant de croiser des donn\u00e9es spatiales et temporelles et de mettre en relation des donn\u00e9es relatives \u00e0 des variables physiques, biologiques, agronomiques\u2026<\/p>\n<h4><strong>Quelles nouvelles donn\u00e9es sont disponibles&nbsp;? Que peut-on en faire&nbsp;?<\/strong><\/h4>\n<p><strong>L\u2019occupation des sols<\/strong> caract\u00e9rise la couverture bio-physique des terres \u00e9merg\u00e9es, et sur le site de Naizin, cette occupation est domin\u00e9e par l\u2019agriculture avec plus de 90 % de la surface du bassin (ici 12 km<sup>2<\/sup> ont \u00e9t\u00e9 cartographi\u00e9s) en culture ou prairie. Les agriculteurs pratiquent des rotations sur leur parcelle, ainsi l\u2019occupation du sol change chaque ann\u00e9e, et parfois plusieurs fois dans l\u2019ann\u00e9e s\u2019il y a une inter-culture. Cette information est une donn\u00e9e cl\u00e9 pour estimer les flux d\u2019eau et de mati\u00e8re car l\u2019occupation du sol va jouer sur de multiples processus et flux comme l\u2019\u00e9vapotranspiration, les apports et flux de nutriments, la photosynth\u00e8se et les flux de carbone, l\u2019\u00e9rosion potentielle\u2026.<\/p>\n<p>La publication de ces cartes vise \u00e0 rendre ces donn\u00e9es et leurs m\u00e9tadonn\u00e9es associ\u00e9es visibles et accessibles au t\u00e9l\u00e9chargement, conform\u00e9ment \u00e0 la directive INSPIRE. A noter&nbsp;: les l\u00e9gendes sont \u00e9galement publi\u00e9es sur G\u00e9oSAS et accessibles en fran\u00e7ais et en anglais. Le fichier au format GeoPackage contenant toutes les ann\u00e9es est aussi disponible au t\u00e9l\u00e9chargement via un lien dans la fiche de m\u00e9tadonn\u00e9e.<\/p>\n<p>La table liant les identifiants parcelles aux identifiants exploitations pour chaque ann\u00e9e et la table des coordonn\u00e9es d\u2019exploitants sont \u00e9galement disponibles au t\u00e9l\u00e9chargement \u00e0 partir des fiches de m\u00e9tadonn\u00e9es. Ces tables ne sont accessibles qu\u2019aux membres permanents de l\u2019UMR SAS.<\/p>\n<h4><strong>Acc\u00e8s aux donn\u00e9es<br><\/strong><\/h4>\n<p>L&rsquo;acc\u00e8s aux m\u00e9tadonn\u00e9es, \u00e0 la visualisation et au t\u00e9l\u00e9chargement des 25 couches g\u00e9ographiques se fait par le&nbsp; <a href=\"https:\/\/geosas.fr\/geonetwork\/srv\/fre\/catalog.search#\/search?any=occupation%20sols%20naizin\">catalogue G\u00e9oSAS.<\/a><\/p>\n<h4><strong>R\u00e9alisation <\/strong><\/h4>\n<p><strong>Pascal Pichelin<\/strong>&nbsp;: Technicien de Recherche Institut Agro Rennes Angers, UMR SAS<\/p>\n<p><em><u>Groupe d\u2019appui et de suivi du travail&nbsp;:<\/u><\/em><\/p>\n<ul>\n<li><strong>Herv\u00e9 Squividant<\/strong>: appui pour la publication sur G\u00e9oSAS, expertise g\u00e9omatique, services web et publication des donn\u00e9es spatiales, Ing\u00e9nieur de Recherche Institut Agro Rennes Angers, UMR SAS<\/li>\n<li><strong>Val\u00e9rie Viaud<\/strong>: appui \u00e0 la lecture des donn\u00e9es historiques et \u00e0 la documentation de leur m\u00e9tadonn\u00e9es, expertise sur l\u2019agronomie et les paysages du site, Directrice de Recherche INRAE, UMR SAS<\/li>\n<li><strong>Oph\u00e9lie Fovet<\/strong>: animation, expertise sur l\u2019hydrologie du site et responsable scientifique de l\u2019observatoire, Charg\u00e9e de Recherche INRAE, UMR SAS<\/li>\n<\/ul>\n\n\n<div class=\"wp-block-group\"><div class=\"wp-block-group__inner-container is-layout-flow wp-block-group-is-layout-flow\">\n<div class=\"wp-block-columns is-layout-flex wp-container-core-columns-is-layout-9d6595d7 wp-block-columns-is-layout-flex\">\n<div class=\"wp-block-column is-layout-flow wp-block-column-is-layout-flow\"><\/div>\n<\/div>\n<\/div><\/div>\n\n\n\n<div class=\"wp-block-columns is-layout-flex wp-container-core-columns-is-layout-9d6595d7 wp-block-columns-is-layout-flex\">\n<div class=\"wp-block-column is-layout-flow wp-block-column-is-layout-flow\">\n<figure class=\"wp-block-image size-full\"><img loading=\"lazy\" decoding=\"async\" width=\"180\" height=\"135\" src=\"https:\/\/geosas.fr\/web\/wp-content\/uploads\/2011\/09\/logo-agrhys.jpg\" alt=\"\" class=\"wp-image-2782\"\/><\/figure>\n<\/div>\n\n\n\n<div class=\"wp-block-column is-layout-flow wp-block-column-is-layout-flow\">\n<div class=\"wp-block-image\"><figure class=\"alignright size-full\"><img loading=\"lazy\" decoding=\"async\" width=\"508\" height=\"153\" src=\"https:\/\/geosas.fr\/web\/wp-content\/uploads\/2020\/05\/logo_ozcar.png\" alt=\"\" class=\"wp-image-3413\" srcset=\"https:\/\/geosas.fr\/web\/wp-content\/uploads\/2020\/05\/logo_ozcar.png 508w, https:\/\/geosas.fr\/web\/wp-content\/uploads\/2020\/05\/logo_ozcar-300x90.png 300w\" sizes=\"auto, (max-width: 508px) 100vw, 508px\" \/><\/figure><\/div>\n<\/div>\n<\/div>\n","protected":false},"excerpt":{"rendered":"<p>L\u2019occupation des sols sur le site de Naizin est suivie depuis 1993, un gros travail de mise en coh\u00e9rence du parcellaire au cours des ann\u00e9es &hellip; <\/p>\n","protected":false},"author":6,"featured_media":6006,"comment_status":"closed","ping_status":"open","sticky":false,"template":"","format":"standard","meta":{"footnotes":""},"categories":[4,9],"tags":[],"class_list":["post-6005","post","type-post","status-publish","format-standard","has-post-thumbnail","hentry","category-donnees","category-toutes-les-actualites"],"yoast_head":"<!-- This site is optimized with the Yoast SEO plugin v24.7 - https:\/\/yoast.com\/wordpress\/plugins\/seo\/ -->\n<title>Observatoire AgrHyS : Les donn\u00e9es d\u2019occupation des sols sur le bassin versant de Naizin depuis 1993 sont disponibles - G\u00e9oSAS<\/title>\n<meta name=\"robots\" content=\"index, follow, max-snippet:-1, max-image-preview:large, max-video-preview:-1\" \/>\n<link rel=\"canonical\" href=\"https:\/\/geosas.fr\/web\/?p=6005\" \/>\n<meta property=\"og:locale\" content=\"fr_FR\" \/>\n<meta property=\"og:type\" content=\"article\" \/>\n<meta property=\"og:title\" content=\"Observatoire AgrHyS : Les donn\u00e9es d\u2019occupation des sols sur le bassin versant de Naizin depuis 1993 sont disponibles - G\u00e9oSAS\" \/>\n<meta property=\"og:description\" content=\"L\u2019occupation des sols sur le site de Naizin est suivie depuis 1993, un gros travail de mise en coh\u00e9rence du parcellaire au cours des ann\u00e9es &hellip;\" \/>\n<meta property=\"og:url\" content=\"https:\/\/geosas.fr\/web\/?p=6005\" \/>\n<meta property=\"og:site_name\" content=\"G\u00e9oSAS\" \/>\n<meta property=\"article:published_time\" content=\"2022-09-09T08:14:47+00:00\" \/>\n<meta property=\"article:modified_time\" content=\"2022-09-09T08:39:42+00:00\" \/>\n<meta property=\"og:image\" content=\"https:\/\/geosas.fr\/web\/wp-content\/uploads\/2022\/09\/agrhys-article-os-naizin.png\" \/>\n\t<meta property=\"og:image:width\" content=\"905\" \/>\n\t<meta property=\"og:image:height\" content=\"396\" \/>\n\t<meta property=\"og:image:type\" content=\"image\/png\" \/>\n<meta name=\"author\" content=\"Oph\u00e9lie Fovet\" \/>\n<meta name=\"twitter:card\" content=\"summary_large_image\" \/>\n<meta name=\"twitter:label1\" content=\"Written by\" \/>\n\t<meta name=\"twitter:data1\" content=\"Oph\u00e9lie Fovet\" \/>\n\t<meta name=\"twitter:label2\" content=\"Est. reading time\" \/>\n\t<meta name=\"twitter:data2\" content=\"4 minutes\" \/>\n<script type=\"application\/ld+json\" class=\"yoast-schema-graph\">{\"@context\":\"https:\/\/schema.org\",\"@graph\":[{\"@type\":\"Article\",\"@id\":\"https:\/\/geosas.fr\/web\/?p=6005#article\",\"isPartOf\":{\"@id\":\"https:\/\/geosas.fr\/web\/?p=6005\"},\"author\":{\"name\":\"Oph\u00e9lie Fovet\",\"@id\":\"https:\/\/geosas.fr\/web\/#\/schema\/person\/f6c6b2c06258479752a310060d2a40c7\"},\"headline\":\"Observatoire AgrHyS : Les donn\u00e9es d\u2019occupation des sols sur le bassin versant de Naizin depuis 1993 sont disponibles\",\"datePublished\":\"2022-09-09T08:14:47+00:00\",\"dateModified\":\"2022-09-09T08:39:42+00:00\",\"mainEntityOfPage\":{\"@id\":\"https:\/\/geosas.fr\/web\/?p=6005\"},\"wordCount\":647,\"publisher\":{\"@id\":\"https:\/\/geosas.fr\/web\/#organization\"},\"image\":{\"@id\":\"https:\/\/geosas.fr\/web\/?p=6005#primaryimage\"},\"thumbnailUrl\":\"https:\/\/geosas.fr\/web\/wp-content\/uploads\/2022\/09\/agrhys-article-os-naizin.png\",\"articleSection\":[\"Donn\u00e9es\",\"Toutes les actualit\u00e9s\"],\"inLanguage\":\"fr-FR\"},{\"@type\":\"WebPage\",\"@id\":\"https:\/\/geosas.fr\/web\/?p=6005\",\"url\":\"https:\/\/geosas.fr\/web\/?p=6005\",\"name\":\"Observatoire AgrHyS : Les donn\u00e9es d\u2019occupation des sols sur le bassin versant de Naizin depuis 1993 sont disponibles - G\u00e9oSAS\",\"isPartOf\":{\"@id\":\"https:\/\/geosas.fr\/web\/#website\"},\"primaryImageOfPage\":{\"@id\":\"https:\/\/geosas.fr\/web\/?p=6005#primaryimage\"},\"image\":{\"@id\":\"https:\/\/geosas.fr\/web\/?p=6005#primaryimage\"},\"thumbnailUrl\":\"https:\/\/geosas.fr\/web\/wp-content\/uploads\/2022\/09\/agrhys-article-os-naizin.png\",\"datePublished\":\"2022-09-09T08:14:47+00:00\",\"dateModified\":\"2022-09-09T08:39:42+00:00\",\"breadcrumb\":{\"@id\":\"https:\/\/geosas.fr\/web\/?p=6005#breadcrumb\"},\"inLanguage\":\"fr-FR\",\"potentialAction\":[{\"@type\":\"ReadAction\",\"target\":[\"https:\/\/geosas.fr\/web\/?p=6005\"]}]},{\"@type\":\"ImageObject\",\"inLanguage\":\"fr-FR\",\"@id\":\"https:\/\/geosas.fr\/web\/?p=6005#primaryimage\",\"url\":\"https:\/\/geosas.fr\/web\/wp-content\/uploads\/2022\/09\/agrhys-article-os-naizin.png\",\"contentUrl\":\"https:\/\/geosas.fr\/web\/wp-content\/uploads\/2022\/09\/agrhys-article-os-naizin.png\",\"width\":905,\"height\":396,\"caption\":\"Cartes de l'oocupation du sol de Naizin\"},{\"@type\":\"BreadcrumbList\",\"@id\":\"https:\/\/geosas.fr\/web\/?p=6005#breadcrumb\",\"itemListElement\":[{\"@type\":\"ListItem\",\"position\":1,\"name\":\"Home\",\"item\":\"https:\/\/geosas.fr\/web\/\"},{\"@type\":\"ListItem\",\"position\":2,\"name\":\"Observatoire AgrHyS : Les donn\u00e9es d\u2019occupation des sols sur le bassin versant de Naizin depuis 1993 sont disponibles\"}]},{\"@type\":\"WebSite\",\"@id\":\"https:\/\/geosas.fr\/web\/#website\",\"url\":\"https:\/\/geosas.fr\/web\/\",\"name\":\"G\u00e9oSAS\",\"description\":\"Portail de l&#039;information g\u00e9ographique de l&#039;UMR SAS - INRAE - Institut Agro\",\"publisher\":{\"@id\":\"https:\/\/geosas.fr\/web\/#organization\"},\"potentialAction\":[{\"@type\":\"SearchAction\",\"target\":{\"@type\":\"EntryPoint\",\"urlTemplate\":\"https:\/\/geosas.fr\/web\/?s={search_term_string}\"},\"query-input\":{\"@type\":\"PropertyValueSpecification\",\"valueRequired\":true,\"valueName\":\"search_term_string\"}}],\"inLanguage\":\"fr-FR\"},{\"@type\":\"Organization\",\"@id\":\"https:\/\/geosas.fr\/web\/#organization\",\"name\":\"G\u00e9oSAS\",\"url\":\"https:\/\/geosas.fr\/web\/\",\"logo\":{\"@type\":\"ImageObject\",\"inLanguage\":\"fr-FR\",\"@id\":\"https:\/\/geosas.fr\/web\/#\/schema\/logo\/image\/\",\"url\":\"https:\/\/geosas.fr\/web\/wp-content\/uploads\/2021\/03\/cropped-Moyen-logo-BleuF-2.png\",\"contentUrl\":\"https:\/\/geosas.fr\/web\/wp-content\/uploads\/2021\/03\/cropped-Moyen-logo-BleuF-2.png\",\"width\":358,\"height\":90,\"caption\":\"G\u00e9oSAS\"},\"image\":{\"@id\":\"https:\/\/geosas.fr\/web\/#\/schema\/logo\/image\/\"}},{\"@type\":\"Person\",\"@id\":\"https:\/\/geosas.fr\/web\/#\/schema\/person\/f6c6b2c06258479752a310060d2a40c7\",\"name\":\"Oph\u00e9lie Fovet\",\"image\":{\"@type\":\"ImageObject\",\"inLanguage\":\"fr-FR\",\"@id\":\"https:\/\/geosas.fr\/web\/#\/schema\/person\/image\/\",\"url\":\"https:\/\/secure.gravatar.com\/avatar\/09b4bd3ee5b7dd7544f332e838d39aa70e74c6ea635b2f687de24b7c6e710319?s=96&d=mm&r=g\",\"contentUrl\":\"https:\/\/secure.gravatar.com\/avatar\/09b4bd3ee5b7dd7544f332e838d39aa70e74c6ea635b2f687de24b7c6e710319?s=96&d=mm&r=g\",\"caption\":\"Oph\u00e9lie Fovet\"},\"url\":\"https:\/\/geosas.fr\/web\/?author=6\"}]}<\/script>\n<!-- \/ Yoast SEO plugin. -->","yoast_head_json":{"title":"Observatoire AgrHyS : Les donn\u00e9es d\u2019occupation des sols sur le bassin versant de Naizin depuis 1993 sont disponibles - G\u00e9oSAS","robots":{"index":"index","follow":"follow","max-snippet":"max-snippet:-1","max-image-preview":"max-image-preview:large","max-video-preview":"max-video-preview:-1"},"canonical":"https:\/\/geosas.fr\/web\/?p=6005","og_locale":"fr_FR","og_type":"article","og_title":"Observatoire AgrHyS : Les donn\u00e9es d\u2019occupation des sols sur le bassin versant de Naizin depuis 1993 sont disponibles - G\u00e9oSAS","og_description":"L\u2019occupation des sols sur le site de Naizin est suivie depuis 1993, un gros travail de mise en coh\u00e9rence du parcellaire au cours des ann\u00e9es &hellip;","og_url":"https:\/\/geosas.fr\/web\/?p=6005","og_site_name":"G\u00e9oSAS","article_published_time":"2022-09-09T08:14:47+00:00","article_modified_time":"2022-09-09T08:39:42+00:00","og_image":[{"width":905,"height":396,"url":"https:\/\/geosas.fr\/web\/wp-content\/uploads\/2022\/09\/agrhys-article-os-naizin.png","type":"image\/png"}],"author":"Oph\u00e9lie Fovet","twitter_card":"summary_large_image","twitter_misc":{"Written by":"Oph\u00e9lie Fovet","Est. reading time":"4 minutes"},"schema":{"@context":"https:\/\/schema.org","@graph":[{"@type":"Article","@id":"https:\/\/geosas.fr\/web\/?p=6005#article","isPartOf":{"@id":"https:\/\/geosas.fr\/web\/?p=6005"},"author":{"name":"Oph\u00e9lie Fovet","@id":"https:\/\/geosas.fr\/web\/#\/schema\/person\/f6c6b2c06258479752a310060d2a40c7"},"headline":"Observatoire AgrHyS : Les donn\u00e9es d\u2019occupation des sols sur le bassin versant de Naizin depuis 1993 sont disponibles","datePublished":"2022-09-09T08:14:47+00:00","dateModified":"2022-09-09T08:39:42+00:00","mainEntityOfPage":{"@id":"https:\/\/geosas.fr\/web\/?p=6005"},"wordCount":647,"publisher":{"@id":"https:\/\/geosas.fr\/web\/#organization"},"image":{"@id":"https:\/\/geosas.fr\/web\/?p=6005#primaryimage"},"thumbnailUrl":"https:\/\/geosas.fr\/web\/wp-content\/uploads\/2022\/09\/agrhys-article-os-naizin.png","articleSection":["Donn\u00e9es","Toutes les actualit\u00e9s"],"inLanguage":"fr-FR"},{"@type":"WebPage","@id":"https:\/\/geosas.fr\/web\/?p=6005","url":"https:\/\/geosas.fr\/web\/?p=6005","name":"Observatoire AgrHyS : Les donn\u00e9es d\u2019occupation des sols sur le bassin versant de Naizin depuis 1993 sont disponibles - G\u00e9oSAS","isPartOf":{"@id":"https:\/\/geosas.fr\/web\/#website"},"primaryImageOfPage":{"@id":"https:\/\/geosas.fr\/web\/?p=6005#primaryimage"},"image":{"@id":"https:\/\/geosas.fr\/web\/?p=6005#primaryimage"},"thumbnailUrl":"https:\/\/geosas.fr\/web\/wp-content\/uploads\/2022\/09\/agrhys-article-os-naizin.png","datePublished":"2022-09-09T08:14:47+00:00","dateModified":"2022-09-09T08:39:42+00:00","breadcrumb":{"@id":"https:\/\/geosas.fr\/web\/?p=6005#breadcrumb"},"inLanguage":"fr-FR","potentialAction":[{"@type":"ReadAction","target":["https:\/\/geosas.fr\/web\/?p=6005"]}]},{"@type":"ImageObject","inLanguage":"fr-FR","@id":"https:\/\/geosas.fr\/web\/?p=6005#primaryimage","url":"https:\/\/geosas.fr\/web\/wp-content\/uploads\/2022\/09\/agrhys-article-os-naizin.png","contentUrl":"https:\/\/geosas.fr\/web\/wp-content\/uploads\/2022\/09\/agrhys-article-os-naizin.png","width":905,"height":396,"caption":"Cartes de l'oocupation du sol de Naizin"},{"@type":"BreadcrumbList","@id":"https:\/\/geosas.fr\/web\/?p=6005#breadcrumb","itemListElement":[{"@type":"ListItem","position":1,"name":"Home","item":"https:\/\/geosas.fr\/web\/"},{"@type":"ListItem","position":2,"name":"Observatoire AgrHyS : Les donn\u00e9es d\u2019occupation des sols sur le bassin versant de Naizin depuis 1993 sont disponibles"}]},{"@type":"WebSite","@id":"https:\/\/geosas.fr\/web\/#website","url":"https:\/\/geosas.fr\/web\/","name":"G\u00e9oSAS","description":"Portail de l&#039;information g\u00e9ographique de l&#039;UMR SAS - INRAE - Institut Agro","publisher":{"@id":"https:\/\/geosas.fr\/web\/#organization"},"potentialAction":[{"@type":"SearchAction","target":{"@type":"EntryPoint","urlTemplate":"https:\/\/geosas.fr\/web\/?s={search_term_string}"},"query-input":{"@type":"PropertyValueSpecification","valueRequired":true,"valueName":"search_term_string"}}],"inLanguage":"fr-FR"},{"@type":"Organization","@id":"https:\/\/geosas.fr\/web\/#organization","name":"G\u00e9oSAS","url":"https:\/\/geosas.fr\/web\/","logo":{"@type":"ImageObject","inLanguage":"fr-FR","@id":"https:\/\/geosas.fr\/web\/#\/schema\/logo\/image\/","url":"https:\/\/geosas.fr\/web\/wp-content\/uploads\/2021\/03\/cropped-Moyen-logo-BleuF-2.png","contentUrl":"https:\/\/geosas.fr\/web\/wp-content\/uploads\/2021\/03\/cropped-Moyen-logo-BleuF-2.png","width":358,"height":90,"caption":"G\u00e9oSAS"},"image":{"@id":"https:\/\/geosas.fr\/web\/#\/schema\/logo\/image\/"}},{"@type":"Person","@id":"https:\/\/geosas.fr\/web\/#\/schema\/person\/f6c6b2c06258479752a310060d2a40c7","name":"Oph\u00e9lie Fovet","image":{"@type":"ImageObject","inLanguage":"fr-FR","@id":"https:\/\/geosas.fr\/web\/#\/schema\/person\/image\/","url":"https:\/\/secure.gravatar.com\/avatar\/09b4bd3ee5b7dd7544f332e838d39aa70e74c6ea635b2f687de24b7c6e710319?s=96&d=mm&r=g","contentUrl":"https:\/\/secure.gravatar.com\/avatar\/09b4bd3ee5b7dd7544f332e838d39aa70e74c6ea635b2f687de24b7c6e710319?s=96&d=mm&r=g","caption":"Oph\u00e9lie Fovet"},"url":"https:\/\/geosas.fr\/web\/?author=6"}]}},"_links":{"self":[{"href":"https:\/\/geosas.fr\/web\/index.php?rest_route=\/wp\/v2\/posts\/6005","targetHints":{"allow":["GET"]}}],"collection":[{"href":"https:\/\/geosas.fr\/web\/index.php?rest_route=\/wp\/v2\/posts"}],"about":[{"href":"https:\/\/geosas.fr\/web\/index.php?rest_route=\/wp\/v2\/types\/post"}],"author":[{"embeddable":true,"href":"https:\/\/geosas.fr\/web\/index.php?rest_route=\/wp\/v2\/users\/6"}],"replies":[{"embeddable":true,"href":"https:\/\/geosas.fr\/web\/index.php?rest_route=%2Fwp%2Fv2%2Fcomments&post=6005"}],"version-history":[{"count":5,"href":"https:\/\/geosas.fr\/web\/index.php?rest_route=\/wp\/v2\/posts\/6005\/revisions"}],"predecessor-version":[{"id":6017,"href":"https:\/\/geosas.fr\/web\/index.php?rest_route=\/wp\/v2\/posts\/6005\/revisions\/6017"}],"wp:featuredmedia":[{"embeddable":true,"href":"https:\/\/geosas.fr\/web\/index.php?rest_route=\/wp\/v2\/media\/6006"}],"wp:attachment":[{"href":"https:\/\/geosas.fr\/web\/index.php?rest_route=%2Fwp%2Fv2%2Fmedia&parent=6005"}],"wp:term":[{"taxonomy":"category","embeddable":true,"href":"https:\/\/geosas.fr\/web\/index.php?rest_route=%2Fwp%2Fv2%2Fcategories&post=6005"},{"taxonomy":"post_tag","embeddable":true,"href":"https:\/\/geosas.fr\/web\/index.php?rest_route=%2Fwp%2Fv2%2Ftags&post=6005"}],"curies":[{"name":"wp","href":"https:\/\/api.w.org\/{rel}","templated":true}]}}