{"id":5947,"date":"2022-03-08T11:34:23","date_gmt":"2022-03-08T10:34:23","guid":{"rendered":"https:\/\/geosas.fr\/web\/?p=5947"},"modified":"2024-06-12T09:35:46","modified_gmt":"2024-06-12T07:35:46","slug":"geocom-2022-les-rencontres-georchestra-de-retour-en-bretagne","status":"publish","type":"post","link":"https:\/\/geosas.fr\/web\/?p=5947","title":{"rendered":"geOcom 2022 \u2013 les rencontres geOrchestra de retour en Bretagne"},"content":{"rendered":"<p>Neuf ans apr\u00e8s le <a href=\"https:\/\/geosas.fr\/web\/?p=1068\">1er geOcom organis\u00e9 en 2013 \u00e0 Agrocampus Ouest<\/a>, les rencontres du logiciel libre geOrchestra reviennent en Bretagne \u00e0 Perros-Guirec du 16 au 18 mai 2022.<\/p>\n<p>Cette ann\u00e9e l&rsquo;organisation est assur\u00e9e par la communaut\u00e9 geOrchestra, la soci\u00e8t\u00e9 JDEV et Lannion-Tr\u00e9gor Communaut\u00e9.<\/p>\n<p>Cette conf\u00e9rence est l\u2019occasion de d\u00e9couvrir les nouvelles plateformes, les nouveaux acteurs, les projets en cours ou futurs et de construire la feuille de route pour l\u2019ann\u00e9e \u00e0 venir. Cet \u00e9v\u00e9nement permet aussi aux acteurs et curieux de la g\u00e9omatique de d\u00e9couvrir la communaut\u00e9, son fonctionnement, les usages et les probl\u00e9matiques en cours ou \u00e0 venir, sans parler des moments convivialit\u00e9 et de d\u00e9couverte de la r\u00e9gion.<\/p>\n<p>Plus d&rsquo;informations sur le geOcom 2022 :<\/p>\n<ul>\n<li><a href=\"https:\/\/geosas.fr\/web\/wp-content\/uploads\/2022\/03\/geocom2022-programme.pdf\" target=\"_blank\" rel=\"noopener\">Le programme<\/a><\/li>\n<li><a href=\"https:\/\/www.helloasso.com\/associations\/georchestra\/evenements\/geocom-2022\" target=\"_blank\" rel=\"noopener\">Les inscriptions<\/a><\/li>\n<li><a href=\"https:\/\/www.georchestra.org\/blog\/2022\/01\/06\/geocom-2022-fr\/\">L&rsquo;h\u00e9bergement, etc&#8230;<\/a><\/li>\n<\/ul>\n\n\n<p><\/p>\n","protected":false},"excerpt":{"rendered":"<p>Neuf ans apr\u00e8s le 1er geOcom organis\u00e9 en 2013 \u00e0 Agrocampus Ouest, les rencontres du logiciel libre geOrchestra reviennent en Bretagne \u00e0 Perros-Guirec du 16 &hellip; <\/p>\n","protected":false},"author":1,"featured_media":5954,"comment_status":"closed","ping_status":"closed","sticky":false,"template":"","format":"standard","meta":{"footnotes":""},"categories":[2,9],"tags":[],"class_list":["post-5947","post","type-post","status-publish","format-standard","has-post-thumbnail","hentry","category-communaute","category-toutes-les-actualites"],"yoast_head":"<!-- This site is optimized with the Yoast SEO plugin v24.7 - https:\/\/yoast.com\/wordpress\/plugins\/seo\/ -->\n<title>geOcom 2022 \u2013 les rencontres geOrchestra de retour en Bretagne - G\u00e9oSAS<\/title>\n<meta name=\"robots\" content=\"index, follow, max-snippet:-1, max-image-preview:large, max-video-preview:-1\" \/>\n<link rel=\"canonical\" href=\"https:\/\/geosas.fr\/web\/?p=5947\" \/>\n<meta property=\"og:locale\" content=\"fr_FR\" \/>\n<meta property=\"og:type\" content=\"article\" \/>\n<meta property=\"og:title\" content=\"geOcom 2022 \u2013 les rencontres geOrchestra de retour en Bretagne - G\u00e9oSAS\" \/>\n<meta property=\"og:description\" content=\"Neuf ans apr\u00e8s le 1er geOcom organis\u00e9 en 2013 \u00e0 Agrocampus Ouest, les rencontres du logiciel libre geOrchestra reviennent en Bretagne \u00e0 Perros-Guirec du 16 &hellip;\" \/>\n<meta property=\"og:url\" content=\"https:\/\/geosas.fr\/web\/?p=5947\" \/>\n<meta property=\"og:site_name\" content=\"G\u00e9oSAS\" \/>\n<meta property=\"article:published_time\" content=\"2022-03-08T10:34:23+00:00\" \/>\n<meta property=\"article:modified_time\" content=\"2024-06-12T07:35:46+00:00\" \/>\n<meta property=\"og:image\" content=\"https:\/\/geosas.fr\/web\/wp-content\/uploads\/2022\/03\/geocom2022-logo2-petit.png\" \/>\n\t<meta property=\"og:image:width\" content=\"640\" \/>\n\t<meta property=\"og:image:height\" content=\"360\" \/>\n\t<meta property=\"og:image:type\" content=\"image\/png\" \/>\n<meta name=\"author\" content=\"Herv\u00e9 Squividant\" \/>\n<meta name=\"twitter:card\" content=\"summary_large_image\" \/>\n<meta name=\"twitter:label1\" content=\"Written by\" \/>\n\t<meta name=\"twitter:data1\" content=\"Herv\u00e9 Squividant\" \/>\n\t<meta name=\"twitter:label2\" content=\"Est. reading time\" \/>\n\t<meta name=\"twitter:data2\" content=\"1 minute\" \/>\n<script type=\"application\/ld+json\" class=\"yoast-schema-graph\">{\"@context\":\"https:\/\/schema.org\",\"@graph\":[{\"@type\":\"Article\",\"@id\":\"https:\/\/geosas.fr\/web\/?p=5947#article\",\"isPartOf\":{\"@id\":\"https:\/\/geosas.fr\/web\/?p=5947\"},\"author\":{\"name\":\"Herv\u00e9 Squividant\",\"@id\":\"https:\/\/geosas.fr\/web\/#\/schema\/person\/f03aaac89a85e6d8a9deca51f6a746e6\"},\"headline\":\"geOcom 2022 \u2013 les rencontres geOrchestra de retour en Bretagne\",\"datePublished\":\"2022-03-08T10:34:23+00:00\",\"dateModified\":\"2024-06-12T07:35:46+00:00\",\"mainEntityOfPage\":{\"@id\":\"https:\/\/geosas.fr\/web\/?p=5947\"},\"wordCount\":139,\"publisher\":{\"@id\":\"https:\/\/geosas.fr\/web\/#organization\"},\"image\":{\"@id\":\"https:\/\/geosas.fr\/web\/?p=5947#primaryimage\"},\"thumbnailUrl\":\"https:\/\/geosas.fr\/web\/wp-content\/uploads\/2022\/03\/geocom2022-logo2-petit.png\",\"articleSection\":[\"Communaut\u00e9\",\"Toutes les actualit\u00e9s\"],\"inLanguage\":\"fr-FR\"},{\"@type\":\"WebPage\",\"@id\":\"https:\/\/geosas.fr\/web\/?p=5947\",\"url\":\"https:\/\/geosas.fr\/web\/?p=5947\",\"name\":\"geOcom 2022 \u2013 les rencontres geOrchestra de retour en Bretagne - G\u00e9oSAS\",\"isPartOf\":{\"@id\":\"https:\/\/geosas.fr\/web\/#website\"},\"primaryImageOfPage\":{\"@id\":\"https:\/\/geosas.fr\/web\/?p=5947#primaryimage\"},\"image\":{\"@id\":\"https:\/\/geosas.fr\/web\/?p=5947#primaryimage\"},\"thumbnailUrl\":\"https:\/\/geosas.fr\/web\/wp-content\/uploads\/2022\/03\/geocom2022-logo2-petit.png\",\"datePublished\":\"2022-03-08T10:34:23+00:00\",\"dateModified\":\"2024-06-12T07:35:46+00:00\",\"breadcrumb\":{\"@id\":\"https:\/\/geosas.fr\/web\/?p=5947#breadcrumb\"},\"inLanguage\":\"fr-FR\",\"potentialAction\":[{\"@type\":\"ReadAction\",\"target\":[\"https:\/\/geosas.fr\/web\/?p=5947\"]}]},{\"@type\":\"ImageObject\",\"inLanguage\":\"fr-FR\",\"@id\":\"https:\/\/geosas.fr\/web\/?p=5947#primaryimage\",\"url\":\"https:\/\/geosas.fr\/web\/wp-content\/uploads\/2022\/03\/geocom2022-logo2-petit.png\",\"contentUrl\":\"https:\/\/geosas.fr\/web\/wp-content\/uploads\/2022\/03\/geocom2022-logo2-petit.png\",\"width\":640,\"height\":360,\"caption\":\"Logo du geOcom 2022\"},{\"@type\":\"BreadcrumbList\",\"@id\":\"https:\/\/geosas.fr\/web\/?p=5947#breadcrumb\",\"itemListElement\":[{\"@type\":\"ListItem\",\"position\":1,\"name\":\"Home\",\"item\":\"https:\/\/geosas.fr\/web\/\"},{\"@type\":\"ListItem\",\"position\":2,\"name\":\"geOcom 2022 \u2013 les rencontres geOrchestra de retour en Bretagne\"}]},{\"@type\":\"WebSite\",\"@id\":\"https:\/\/geosas.fr\/web\/#website\",\"url\":\"https:\/\/geosas.fr\/web\/\",\"name\":\"G\u00e9oSAS\",\"description\":\"Portail de l&#039;information g\u00e9ographique et temporelle de l&#039;UMR SAS - INRAE - Institut Agro\",\"publisher\":{\"@id\":\"https:\/\/geosas.fr\/web\/#organization\"},\"potentialAction\":[{\"@type\":\"SearchAction\",\"target\":{\"@type\":\"EntryPoint\",\"urlTemplate\":\"https:\/\/geosas.fr\/web\/?s={search_term_string}\"},\"query-input\":{\"@type\":\"PropertyValueSpecification\",\"valueRequired\":true,\"valueName\":\"search_term_string\"}}],\"inLanguage\":\"fr-FR\"},{\"@type\":\"Organization\",\"@id\":\"https:\/\/geosas.fr\/web\/#organization\",\"name\":\"G\u00e9oSAS\",\"url\":\"https:\/\/geosas.fr\/web\/\",\"logo\":{\"@type\":\"ImageObject\",\"inLanguage\":\"fr-FR\",\"@id\":\"https:\/\/geosas.fr\/web\/#\/schema\/logo\/image\/\",\"url\":\"https:\/\/geosas.fr\/web\/wp-content\/uploads\/2021\/03\/cropped-Moyen-logo-BleuF-2.png\",\"contentUrl\":\"https:\/\/geosas.fr\/web\/wp-content\/uploads\/2021\/03\/cropped-Moyen-logo-BleuF-2.png\",\"width\":358,\"height\":90,\"caption\":\"G\u00e9oSAS\"},\"image\":{\"@id\":\"https:\/\/geosas.fr\/web\/#\/schema\/logo\/image\/\"}},{\"@type\":\"Person\",\"@id\":\"https:\/\/geosas.fr\/web\/#\/schema\/person\/f03aaac89a85e6d8a9deca51f6a746e6\",\"name\":\"Herv\u00e9 Squividant\",\"image\":{\"@type\":\"ImageObject\",\"inLanguage\":\"fr-FR\",\"@id\":\"https:\/\/geosas.fr\/web\/#\/schema\/person\/image\/\",\"url\":\"https:\/\/secure.gravatar.com\/avatar\/1371dfadc56137360f68c96c14e7c754a9a9c0d34e97551f4ff35b686530f162?s=96&d=mm&r=g\",\"contentUrl\":\"https:\/\/secure.gravatar.com\/avatar\/1371dfadc56137360f68c96c14e7c754a9a9c0d34e97551f4ff35b686530f162?s=96&d=mm&r=g\",\"caption\":\"Herv\u00e9 Squividant\"},\"sameAs\":[\"https:\/\/geosas.fr\/web\"],\"url\":\"https:\/\/geosas.fr\/web\/?author=1\"}]}<\/script>\n<!-- \/ Yoast SEO plugin. -->","yoast_head_json":{"title":"geOcom 2022 \u2013 les rencontres geOrchestra de retour en Bretagne - G\u00e9oSAS","robots":{"index":"index","follow":"follow","max-snippet":"max-snippet:-1","max-image-preview":"max-image-preview:large","max-video-preview":"max-video-preview:-1"},"canonical":"https:\/\/geosas.fr\/web\/?p=5947","og_locale":"fr_FR","og_type":"article","og_title":"geOcom 2022 \u2013 les rencontres geOrchestra de retour en Bretagne - G\u00e9oSAS","og_description":"Neuf ans apr\u00e8s le 1er geOcom organis\u00e9 en 2013 \u00e0 Agrocampus Ouest, les rencontres du logiciel libre geOrchestra reviennent en Bretagne \u00e0 Perros-Guirec du 16 &hellip;","og_url":"https:\/\/geosas.fr\/web\/?p=5947","og_site_name":"G\u00e9oSAS","article_published_time":"2022-03-08T10:34:23+00:00","article_modified_time":"2024-06-12T07:35:46+00:00","og_image":[{"width":640,"height":360,"url":"https:\/\/geosas.fr\/web\/wp-content\/uploads\/2022\/03\/geocom2022-logo2-petit.png","type":"image\/png"}],"author":"Herv\u00e9 Squividant","twitter_card":"summary_large_image","twitter_misc":{"Written by":"Herv\u00e9 Squividant","Est. reading time":"1 minute"},"schema":{"@context":"https:\/\/schema.org","@graph":[{"@type":"Article","@id":"https:\/\/geosas.fr\/web\/?p=5947#article","isPartOf":{"@id":"https:\/\/geosas.fr\/web\/?p=5947"},"author":{"name":"Herv\u00e9 Squividant","@id":"https:\/\/geosas.fr\/web\/#\/schema\/person\/f03aaac89a85e6d8a9deca51f6a746e6"},"headline":"geOcom 2022 \u2013 les rencontres geOrchestra de retour en Bretagne","datePublished":"2022-03-08T10:34:23+00:00","dateModified":"2024-06-12T07:35:46+00:00","mainEntityOfPage":{"@id":"https:\/\/geosas.fr\/web\/?p=5947"},"wordCount":139,"publisher":{"@id":"https:\/\/geosas.fr\/web\/#organization"},"image":{"@id":"https:\/\/geosas.fr\/web\/?p=5947#primaryimage"},"thumbnailUrl":"https:\/\/geosas.fr\/web\/wp-content\/uploads\/2022\/03\/geocom2022-logo2-petit.png","articleSection":["Communaut\u00e9","Toutes les actualit\u00e9s"],"inLanguage":"fr-FR"},{"@type":"WebPage","@id":"https:\/\/geosas.fr\/web\/?p=5947","url":"https:\/\/geosas.fr\/web\/?p=5947","name":"geOcom 2022 \u2013 les rencontres geOrchestra de retour en Bretagne - G\u00e9oSAS","isPartOf":{"@id":"https:\/\/geosas.fr\/web\/#website"},"primaryImageOfPage":{"@id":"https:\/\/geosas.fr\/web\/?p=5947#primaryimage"},"image":{"@id":"https:\/\/geosas.fr\/web\/?p=5947#primaryimage"},"thumbnailUrl":"https:\/\/geosas.fr\/web\/wp-content\/uploads\/2022\/03\/geocom2022-logo2-petit.png","datePublished":"2022-03-08T10:34:23+00:00","dateModified":"2024-06-12T07:35:46+00:00","breadcrumb":{"@id":"https:\/\/geosas.fr\/web\/?p=5947#breadcrumb"},"inLanguage":"fr-FR","potentialAction":[{"@type":"ReadAction","target":["https:\/\/geosas.fr\/web\/?p=5947"]}]},{"@type":"ImageObject","inLanguage":"fr-FR","@id":"https:\/\/geosas.fr\/web\/?p=5947#primaryimage","url":"https:\/\/geosas.fr\/web\/wp-content\/uploads\/2022\/03\/geocom2022-logo2-petit.png","contentUrl":"https:\/\/geosas.fr\/web\/wp-content\/uploads\/2022\/03\/geocom2022-logo2-petit.png","width":640,"height":360,"caption":"Logo du geOcom 2022"},{"@type":"BreadcrumbList","@id":"https:\/\/geosas.fr\/web\/?p=5947#breadcrumb","itemListElement":[{"@type":"ListItem","position":1,"name":"Home","item":"https:\/\/geosas.fr\/web\/"},{"@type":"ListItem","position":2,"name":"geOcom 2022 \u2013 les rencontres geOrchestra de retour en Bretagne"}]},{"@type":"WebSite","@id":"https:\/\/geosas.fr\/web\/#website","url":"https:\/\/geosas.fr\/web\/","name":"G\u00e9oSAS","description":"Portail de l&#039;information g\u00e9ographique et temporelle de l&#039;UMR SAS - INRAE - Institut Agro","publisher":{"@id":"https:\/\/geosas.fr\/web\/#organization"},"potentialAction":[{"@type":"SearchAction","target":{"@type":"EntryPoint","urlTemplate":"https:\/\/geosas.fr\/web\/?s={search_term_string}"},"query-input":{"@type":"PropertyValueSpecification","valueRequired":true,"valueName":"search_term_string"}}],"inLanguage":"fr-FR"},{"@type":"Organization","@id":"https:\/\/geosas.fr\/web\/#organization","name":"G\u00e9oSAS","url":"https:\/\/geosas.fr\/web\/","logo":{"@type":"ImageObject","inLanguage":"fr-FR","@id":"https:\/\/geosas.fr\/web\/#\/schema\/logo\/image\/","url":"https:\/\/geosas.fr\/web\/wp-content\/uploads\/2021\/03\/cropped-Moyen-logo-BleuF-2.png","contentUrl":"https:\/\/geosas.fr\/web\/wp-content\/uploads\/2021\/03\/cropped-Moyen-logo-BleuF-2.png","width":358,"height":90,"caption":"G\u00e9oSAS"},"image":{"@id":"https:\/\/geosas.fr\/web\/#\/schema\/logo\/image\/"}},{"@type":"Person","@id":"https:\/\/geosas.fr\/web\/#\/schema\/person\/f03aaac89a85e6d8a9deca51f6a746e6","name":"Herv\u00e9 Squividant","image":{"@type":"ImageObject","inLanguage":"fr-FR","@id":"https:\/\/geosas.fr\/web\/#\/schema\/person\/image\/","url":"https:\/\/secure.gravatar.com\/avatar\/1371dfadc56137360f68c96c14e7c754a9a9c0d34e97551f4ff35b686530f162?s=96&d=mm&r=g","contentUrl":"https:\/\/secure.gravatar.com\/avatar\/1371dfadc56137360f68c96c14e7c754a9a9c0d34e97551f4ff35b686530f162?s=96&d=mm&r=g","caption":"Herv\u00e9 Squividant"},"sameAs":["https:\/\/geosas.fr\/web"],"url":"https:\/\/geosas.fr\/web\/?author=1"}]}},"_links":{"self":[{"href":"https:\/\/geosas.fr\/web\/index.php?rest_route=\/wp\/v2\/posts\/5947","targetHints":{"allow":["GET"]}}],"collection":[{"href":"https:\/\/geosas.fr\/web\/index.php?rest_route=\/wp\/v2\/posts"}],"about":[{"href":"https:\/\/geosas.fr\/web\/index.php?rest_route=\/wp\/v2\/types\/post"}],"author":[{"embeddable":true,"href":"https:\/\/geosas.fr\/web\/index.php?rest_route=\/wp\/v2\/users\/1"}],"replies":[{"embeddable":true,"href":"https:\/\/geosas.fr\/web\/index.php?rest_route=%2Fwp%2Fv2%2Fcomments&post=5947"}],"version-history":[{"count":8,"href":"https:\/\/geosas.fr\/web\/index.php?rest_route=\/wp\/v2\/posts\/5947\/revisions"}],"predecessor-version":[{"id":5962,"href":"https:\/\/geosas.fr\/web\/index.php?rest_route=\/wp\/v2\/posts\/5947\/revisions\/5962"}],"wp:featuredmedia":[{"embeddable":true,"href":"https:\/\/geosas.fr\/web\/index.php?rest_route=\/wp\/v2\/media\/5954"}],"wp:attachment":[{"href":"https:\/\/geosas.fr\/web\/index.php?rest_route=%2Fwp%2Fv2%2Fmedia&parent=5947"}],"wp:term":[{"taxonomy":"category","embeddable":true,"href":"https:\/\/geosas.fr\/web\/index.php?rest_route=%2Fwp%2Fv2%2Fcategories&post=5947"},{"taxonomy":"post_tag","embeddable":true,"href":"https:\/\/geosas.fr\/web\/index.php?rest_route=%2Fwp%2Fv2%2Ftags&post=5947"}],"curies":[{"name":"wp","href":"https:\/\/api.w.org\/{rel}","templated":true}]}}