{"id":5895,"date":"2022-01-31T11:11:43","date_gmt":"2022-01-31T10:11:43","guid":{"rendered":"https:\/\/geosas.fr\/web\/?p=5895"},"modified":"2023-11-06T17:08:34","modified_gmt":"2023-11-06T16:08:34","slug":"finalisation-du-visualiseur-cartographique-du-projet-parchemins","status":"publish","type":"post","link":"https:\/\/geosas.fr\/web\/?p=5895","title":{"rendered":"Finalisation du visualiseur cartographique du projet Parchemins"},"content":{"rendered":"<p><img loading=\"lazy\" decoding=\"async\" class=\"alignnone size-medium wp-image-5896 aligncenter\" src=\"https:\/\/geosas.fr\/web\/wp-content\/uploads\/2022\/01\/1_Accueil-Parchemins-300x279.png\" alt=\"\" width=\"300\" height=\"279\" srcset=\"https:\/\/geosas.fr\/web\/wp-content\/uploads\/2022\/01\/1_Accueil-Parchemins-300x279.png 300w, https:\/\/geosas.fr\/web\/wp-content\/uploads\/2022\/01\/1_Accueil-Parchemins.png 451w\" sizes=\"auto, (max-width: 300px) 100vw, 300px\" \/><\/p>\n<p style=\"text-align: center;\"><a href=\"https:\/\/geosas.fr\/parchemins\">https:\/\/geosas.fr\/parchemins<\/a><\/p>\n<h6><strong>C\u2019EST QUOI PARCHE<\/strong><strong>MIN&nbsp;?<\/strong><\/h6>\n<p>Le Projet&nbsp;<a href=\"http:\/\/www.parchemins.bzh\/\">Parchemins<\/a>,&nbsp;<strong>\u00ab&nbsp;<em>Paroles et chemins de l\u2019agriculture littorale&nbsp;\u00bb<\/em><\/strong>, vise \u00e0 concevoir, exp\u00e9rimenter et consolider des espaces de d\u00e9lib\u00e9ration et de probl\u00e9matisation sur la place de l\u2019activit\u00e9 agricole dans les territoires littoraux.<\/p>\n<p><\/p>\n<h6><strong>SON OBJECTIF \u00ab NUMERIQUES&nbsp;\u00bb<\/strong><\/h6>\n<ul>\n<li><strong>Concevoir<\/strong>&nbsp;et&nbsp;<strong>diffuser<\/strong>&nbsp;un outil mettant \u00e0 disposition des informations g\u00e9ographiques sur l\u2019agriculture, mais aussi sur la d\u00e9mographie et l\u2019\u00e9conomie, en Bretagne, dans les communes littorales et dans les 5 sites d\u2019\u00e9tudes du projet Parchemins.<\/li>\n<li><strong>Compiler, agr\u00e9ger&nbsp;<\/strong>et<strong>&nbsp;publier<\/strong>&nbsp;sur G\u00e9oSAS des donn\u00e9es pour proposer un regard sur l\u2019agriculture littorale et sur son \u00e9volution.<\/li>\n<li><strong>Exp\u00e9rimenter<\/strong>&nbsp;et&nbsp;<strong>d\u00e9ployer<\/strong>&nbsp;des solutions techniques d\u00e9di\u00e9es \u00e0 mettre en partage les donn\u00e9es qualitatives h\u00e9t\u00e9rog\u00e8nes produites sur les 5 terrains de recherche Parchemins.<\/li>\n<\/ul>\n<h6><strong>QU\u2019EST-CE QU\u2019UN VISUALISEUR ?<\/strong><\/h6>\n<p>Le visualiseur cartographique mis en place dans le projet Parchemins est un visualiseur th\u00e9matique.&nbsp; C\u2019est un outil web de consultation de cartes, qui permet \u00e0 l\u2019utilisateur d\u2019interagir avec des donn\u00e9es g\u00e9ographiques.<\/p>\n<p>\u00c0 destination d\u2019utilisateurs non-g\u00e9omaticiens, non sp\u00e9cialistes des outils informatiques qui permettent de repr\u00e9senter et d\u2019analyser de l\u2019information spatiale,&nbsp;<strong>ce visualiseur se veut simple d\u2019utilisation et intuitif<\/strong>. L\u2019acc\u00e8s aux donn\u00e9es est facilit\u00e9 via une information pr\u00e9alablement structur\u00e9e et compr\u00e9hensible. L\u2019utilisateur peut avoir acc\u00e8s \u00e0 des informations d\u00e9taill\u00e9es en cliquant sur une entit\u00e9 g\u00e9ographique&nbsp;: chiffres cl\u00e9s, chiffres agr\u00e9g\u00e9s par entit\u00e9 g\u00e9ographique, repr\u00e9sentation graphiques des donn\u00e9es,\u2026 (Manuel d\u2019utilisation du Mviewer :&nbsp;<a href=\"https:\/\/mviewerdoc.readthedocs.io\/fr\/latest\/doc_user\/interface.html\">https:\/\/mviewerdoc.readthedocs.io\/fr\/latest\/doc_user\/interface.html<\/a>)<\/p>\n<p>Le visualiseur cartographique du projet Parchemins s\u2019appuie sur le logiciel libre Mviewer d\u00e9velopp\u00e9 par la communaut\u00e9 G\u00e9oBretagne (code source :&nbsp;<a href=\"https:\/\/github.com\/geobretagne\/mviewer\">https:\/\/github.com\/geobretagne\/mviewer<\/a>) . Cet outil web en acc\u00e8s libre s\u2019appuie sur les technologies de r\u00e9f\u00e9rence de l\u2019open data g\u00e9ographique : interop\u00e9rabilit\u00e9, standards OGC, m\u00e9tadonn\u00e9es.<\/p>\n<p><\/p>\n<h6><strong>POURQUOI UN VISUALISEUR SUR L\u2019AGRICULTURE LITTORALE ?<\/strong><strong>&nbsp;<\/strong><\/h6>\n<p>A la diff\u00e9rence de l\u2019agriculture urbaine ou de l\u2019agriculture de montagne, l\u2019agriculture littorale n\u2019est pas une cat\u00e9gorie commun\u00e9ment mobilis\u00e9e. Pourtant, l\u2019agriculture existe au bord de mer, aux c\u00f4t\u00e9s d\u2019autres types d\u2019activit\u00e9s. Comprendre son \u00e9volution depuis le d\u00e9but du XX\u00e8me si\u00e8cle et son devenir aujourd\u2019hui, comprendre sa place et son \u00e9tendue dans cette zone d\u2019interface entre terre et mer, implique de regarder les caract\u00e9ristiques de cette agriculture mais aussi le contexte \u00e9conomique et socio-d\u00e9mographique dans lequel elle s\u2019ins\u00e8re.<\/p>\n<p>Nous proposons un visualiseur th\u00e9matique sur l\u2019agriculture littorale qui rassemble et repr\u00e9sente sous forme de cartes un ensemble de donn\u00e9es disponibles dans des bases statistiques nationales ou r\u00e9gionales. Cet outil met \u00e0 disposition des informations g\u00e9ographiques sur l\u2019agriculture (donn\u00e9es des recensements agricoles de 1988, 2000 et 2010 ; source AGRESTE&nbsp;<a href=\"https:\/\/agreste.agriculture.gouv.fr\/\">https:\/\/agreste.agriculture.gouv.fr\/<\/a>), mais aussi la d\u00e9mographie et l\u2019\u00e9conomie (source INSEE,&nbsp;<a href=\"https:\/\/www.insee.fr\/fr\/accueil\">https:\/\/www.insee.fr\/fr\/accueil<\/a>), disponibles pour chaque commune. Ces donn\u00e9es sont aussi agr\u00e9g\u00e9es \u00e0 l\u2019\u00e9chelle de l\u2019ensemble dans les communes littorales bretonnes, et \u00e0 l\u2019\u00e9chelle des 5 sites d\u2019\u00e9tudes du projet Parchemins, pour pouvoir comparer l\u2019agriculture des communes littorales \u00e0 celles de l\u2019int\u00e9rieur des terres ou de l\u2019ensemble du territoire breton.<\/p>\n<p>L\u2019AGRESTE va tr\u00e8s prochainement mettre \u00e0 disposition les donn\u00e9es des recensements agricoles de 2020. Celles-ci seront int\u00e9gr\u00e9es dans le visualiseur th\u00e9matique d\u2019ici la fin 2021.<\/p>\n<p><\/p>\n<h6><strong>QU\u2019Y TROUVE-T-ON, QUE PEUT-ON EN FAIRE ?<\/strong><\/h6>\n<p>1 &#8211; Des chiffres cl\u00e9s sur l\u2019agriculture et le contexte socio-d\u00e9mographique agr\u00e9g\u00e9s pour l\u2019ensemble de la Bretagne, les communes littorales, les communes de l\u2019int\u00e9rieur des terres.<\/p>\n\n\n<figure class=\"wp-block-image size-large\"><img loading=\"lazy\" decoding=\"async\" width=\"1024\" height=\"576\" src=\"https:\/\/geosas.fr\/web\/wp-content\/uploads\/2022\/01\/1_Chiffres-cles-Parchemins-1024x576.png\" alt=\"\" class=\"wp-image-5899\" srcset=\"https:\/\/geosas.fr\/web\/wp-content\/uploads\/2022\/01\/1_Chiffres-cles-Parchemins-1024x576.png 1024w, https:\/\/geosas.fr\/web\/wp-content\/uploads\/2022\/01\/1_Chiffres-cles-Parchemins-300x169.png 300w, https:\/\/geosas.fr\/web\/wp-content\/uploads\/2022\/01\/1_Chiffres-cles-Parchemins-768x432.png 768w, https:\/\/geosas.fr\/web\/wp-content\/uploads\/2022\/01\/1_Chiffres-cles-Parchemins.png 1176w\" sizes=\"auto, (max-width: 1024px) 100vw, 1024px\" \/><\/figure>\n\n\n\n<p>2 &#8211; Des chiffres cl\u00e9s sur l\u2019agriculture et le contexte socio-d\u00e9mographique pour les sites du projet Parchemins.<\/p>\n\n\n\n<p><\/p>\n\n\n\n<figure class=\"wp-block-image size-full\"><img loading=\"lazy\" decoding=\"async\" width=\"847\" height=\"484\" src=\"https:\/\/geosas.fr\/web\/wp-content\/uploads\/2022\/01\/1_Socio-demo-1.png\" alt=\"\" class=\"wp-image-5900\" srcset=\"https:\/\/geosas.fr\/web\/wp-content\/uploads\/2022\/01\/1_Socio-demo-1.png 847w, https:\/\/geosas.fr\/web\/wp-content\/uploads\/2022\/01\/1_Socio-demo-1-300x171.png 300w, https:\/\/geosas.fr\/web\/wp-content\/uploads\/2022\/01\/1_Socio-demo-1-768x439.png 768w\" sizes=\"auto, (max-width: 847px) 100vw, 847px\" \/><\/figure>\n\n\n\n<p>3 &#8211; Des cartographies d\u2019indicateurs sur l\u2019agriculture, la d\u00e9mographie, l\u2019\u00e9conomie et l\u2019emploi, la protection des espaces naturels, \u00e0 la r\u00e9solution de la commune et pour diff\u00e9rentes dates.<\/p>\n\n\n\n<figure class=\"wp-block-image size-large\"><img loading=\"lazy\" decoding=\"async\" width=\"1024\" height=\"592\" src=\"https:\/\/geosas.fr\/web\/wp-content\/uploads\/2022\/01\/carto-indicateurs-1024x592.png\" alt=\"\" class=\"wp-image-5901\" srcset=\"https:\/\/geosas.fr\/web\/wp-content\/uploads\/2022\/01\/carto-indicateurs-1024x592.png 1024w, https:\/\/geosas.fr\/web\/wp-content\/uploads\/2022\/01\/carto-indicateurs-300x173.png 300w, https:\/\/geosas.fr\/web\/wp-content\/uploads\/2022\/01\/carto-indicateurs-768x444.png 768w, https:\/\/geosas.fr\/web\/wp-content\/uploads\/2022\/01\/carto-indicateurs.png 1026w\" sizes=\"auto, (max-width: 1024px) 100vw, 1024px\" \/><\/figure>\n\n\n\n<div class=\"wp-block-image\"><figure class=\"alignleft size-full is-resized\"><img loading=\"lazy\" decoding=\"async\" src=\"https:\/\/geosas.fr\/web\/wp-content\/uploads\/2022\/01\/logo-agath-150x150-1.png\" alt=\"\" class=\"wp-image-5902\" width=\"71\" height=\"71\"\/><\/figure><\/div>\n\n\n\n<p>Ce travail a \u00e9t\u00e9 r\u00e9alis\u00e9 en collaboration avec&nbsp;<a rel=\"noreferrer noopener\" href=\"http:\/\/www.agatheadam.com\/\" target=\"_blank\">Agathe Adam<\/a>, prestataire ind\u00e9pendante sp\u00e9cialis\u00e9e en g\u00e9omatique et web design.<\/p>\n\n\n\n<p><\/p>\n\n\n\n<p><\/p>\n","protected":false},"excerpt":{"rendered":"<p>https:\/\/geosas.fr\/parchemins C\u2019EST QUOI PARCHEMIN&nbsp;? Le Projet&nbsp;Parchemins,&nbsp;\u00ab&nbsp;Paroles et chemins de l\u2019agriculture littorale&nbsp;\u00bb, vise \u00e0 concevoir, exp\u00e9rimenter et consolider des espaces de d\u00e9lib\u00e9ration et de probl\u00e9matisation sur &hellip; <\/p>\n","protected":false},"author":1,"featured_media":5896,"comment_status":"closed","ping_status":"open","sticky":false,"template":"","format":"standard","meta":{"footnotes":""},"categories":[6,1,9],"tags":[],"class_list":["post-5895","post","type-post","status-publish","format-standard","has-post-thumbnail","hentry","category-modelisation","category-non-classe","category-toutes-les-actualites"],"yoast_head":"<!-- This site is optimized with the Yoast SEO plugin v24.7 - https:\/\/yoast.com\/wordpress\/plugins\/seo\/ -->\n<title>Finalisation du visualiseur cartographique du projet Parchemins - G\u00e9oSAS<\/title>\n<meta name=\"robots\" content=\"index, follow, max-snippet:-1, max-image-preview:large, max-video-preview:-1\" \/>\n<link rel=\"canonical\" href=\"https:\/\/geosas.fr\/web\/?p=5895\" \/>\n<meta property=\"og:locale\" content=\"fr_FR\" \/>\n<meta property=\"og:type\" content=\"article\" \/>\n<meta property=\"og:title\" content=\"Finalisation du visualiseur cartographique du projet Parchemins - G\u00e9oSAS\" \/>\n<meta property=\"og:description\" content=\"https:\/\/geosas.fr\/parchemins C\u2019EST QUOI PARCHEMIN&nbsp;? Le Projet&nbsp;Parchemins,&nbsp;\u00ab&nbsp;Paroles et chemins de l\u2019agriculture littorale&nbsp;\u00bb, vise \u00e0 concevoir, exp\u00e9rimenter et consolider des espaces de d\u00e9lib\u00e9ration et de probl\u00e9matisation sur &hellip;\" \/>\n<meta property=\"og:url\" content=\"https:\/\/geosas.fr\/web\/?p=5895\" \/>\n<meta property=\"og:site_name\" content=\"G\u00e9oSAS\" \/>\n<meta property=\"article:published_time\" content=\"2022-01-31T10:11:43+00:00\" \/>\n<meta property=\"article:modified_time\" content=\"2023-11-06T16:08:34+00:00\" \/>\n<meta property=\"og:image\" content=\"https:\/\/geosas.fr\/web\/wp-content\/uploads\/2022\/01\/1_Accueil-Parchemins.png\" \/>\n\t<meta property=\"og:image:width\" content=\"451\" \/>\n\t<meta property=\"og:image:height\" content=\"419\" \/>\n\t<meta property=\"og:image:type\" content=\"image\/png\" \/>\n<meta name=\"author\" content=\"Herv\u00e9 Squividant\" \/>\n<meta name=\"twitter:card\" content=\"summary_large_image\" \/>\n<meta name=\"twitter:label1\" content=\"Written by\" \/>\n\t<meta name=\"twitter:data1\" content=\"Herv\u00e9 Squividant\" \/>\n\t<meta name=\"twitter:label2\" content=\"Est. reading time\" \/>\n\t<meta name=\"twitter:data2\" content=\"4 minutes\" \/>\n<script type=\"application\/ld+json\" class=\"yoast-schema-graph\">{\"@context\":\"https:\/\/schema.org\",\"@graph\":[{\"@type\":\"Article\",\"@id\":\"https:\/\/geosas.fr\/web\/?p=5895#article\",\"isPartOf\":{\"@id\":\"https:\/\/geosas.fr\/web\/?p=5895\"},\"author\":{\"name\":\"Herv\u00e9 Squividant\",\"@id\":\"https:\/\/geosas.fr\/web\/#\/schema\/person\/f03aaac89a85e6d8a9deca51f6a746e6\"},\"headline\":\"Finalisation du visualiseur cartographique du projet Parchemins\",\"datePublished\":\"2022-01-31T10:11:43+00:00\",\"dateModified\":\"2023-11-06T16:08:34+00:00\",\"mainEntityOfPage\":{\"@id\":\"https:\/\/geosas.fr\/web\/?p=5895\"},\"wordCount\":745,\"publisher\":{\"@id\":\"https:\/\/geosas.fr\/web\/#organization\"},\"image\":{\"@id\":\"https:\/\/geosas.fr\/web\/?p=5895#primaryimage\"},\"thumbnailUrl\":\"https:\/\/geosas.fr\/web\/wp-content\/uploads\/2022\/01\/1_Accueil-Parchemins.png\",\"articleSection\":{\"0\":\"Mod\u00e9lisation\",\"2\":\"Toutes les actualit\u00e9s\"},\"inLanguage\":\"fr-FR\"},{\"@type\":\"WebPage\",\"@id\":\"https:\/\/geosas.fr\/web\/?p=5895\",\"url\":\"https:\/\/geosas.fr\/web\/?p=5895\",\"name\":\"Finalisation du visualiseur cartographique du projet Parchemins - G\u00e9oSAS\",\"isPartOf\":{\"@id\":\"https:\/\/geosas.fr\/web\/#website\"},\"primaryImageOfPage\":{\"@id\":\"https:\/\/geosas.fr\/web\/?p=5895#primaryimage\"},\"image\":{\"@id\":\"https:\/\/geosas.fr\/web\/?p=5895#primaryimage\"},\"thumbnailUrl\":\"https:\/\/geosas.fr\/web\/wp-content\/uploads\/2022\/01\/1_Accueil-Parchemins.png\",\"datePublished\":\"2022-01-31T10:11:43+00:00\",\"dateModified\":\"2023-11-06T16:08:34+00:00\",\"breadcrumb\":{\"@id\":\"https:\/\/geosas.fr\/web\/?p=5895#breadcrumb\"},\"inLanguage\":\"fr-FR\",\"potentialAction\":[{\"@type\":\"ReadAction\",\"target\":[\"https:\/\/geosas.fr\/web\/?p=5895\"]}]},{\"@type\":\"ImageObject\",\"inLanguage\":\"fr-FR\",\"@id\":\"https:\/\/geosas.fr\/web\/?p=5895#primaryimage\",\"url\":\"https:\/\/geosas.fr\/web\/wp-content\/uploads\/2022\/01\/1_Accueil-Parchemins.png\",\"contentUrl\":\"https:\/\/geosas.fr\/web\/wp-content\/uploads\/2022\/01\/1_Accueil-Parchemins.png\",\"width\":451,\"height\":419},{\"@type\":\"BreadcrumbList\",\"@id\":\"https:\/\/geosas.fr\/web\/?p=5895#breadcrumb\",\"itemListElement\":[{\"@type\":\"ListItem\",\"position\":1,\"name\":\"Home\",\"item\":\"https:\/\/geosas.fr\/web\/\"},{\"@type\":\"ListItem\",\"position\":2,\"name\":\"Finalisation du visualiseur cartographique du projet Parchemins\"}]},{\"@type\":\"WebSite\",\"@id\":\"https:\/\/geosas.fr\/web\/#website\",\"url\":\"https:\/\/geosas.fr\/web\/\",\"name\":\"G\u00e9oSAS\",\"description\":\"Portail de l&#039;information g\u00e9ographique de l&#039;UMR SAS - INRAE - Institut Agro\",\"publisher\":{\"@id\":\"https:\/\/geosas.fr\/web\/#organization\"},\"potentialAction\":[{\"@type\":\"SearchAction\",\"target\":{\"@type\":\"EntryPoint\",\"urlTemplate\":\"https:\/\/geosas.fr\/web\/?s={search_term_string}\"},\"query-input\":{\"@type\":\"PropertyValueSpecification\",\"valueRequired\":true,\"valueName\":\"search_term_string\"}}],\"inLanguage\":\"fr-FR\"},{\"@type\":\"Organization\",\"@id\":\"https:\/\/geosas.fr\/web\/#organization\",\"name\":\"G\u00e9oSAS\",\"url\":\"https:\/\/geosas.fr\/web\/\",\"logo\":{\"@type\":\"ImageObject\",\"inLanguage\":\"fr-FR\",\"@id\":\"https:\/\/geosas.fr\/web\/#\/schema\/logo\/image\/\",\"url\":\"https:\/\/geosas.fr\/web\/wp-content\/uploads\/2021\/03\/cropped-Moyen-logo-BleuF-2.png\",\"contentUrl\":\"https:\/\/geosas.fr\/web\/wp-content\/uploads\/2021\/03\/cropped-Moyen-logo-BleuF-2.png\",\"width\":358,\"height\":90,\"caption\":\"G\u00e9oSAS\"},\"image\":{\"@id\":\"https:\/\/geosas.fr\/web\/#\/schema\/logo\/image\/\"}},{\"@type\":\"Person\",\"@id\":\"https:\/\/geosas.fr\/web\/#\/schema\/person\/f03aaac89a85e6d8a9deca51f6a746e6\",\"name\":\"Herv\u00e9 Squividant\",\"image\":{\"@type\":\"ImageObject\",\"inLanguage\":\"fr-FR\",\"@id\":\"https:\/\/geosas.fr\/web\/#\/schema\/person\/image\/\",\"url\":\"https:\/\/secure.gravatar.com\/avatar\/1371dfadc56137360f68c96c14e7c754a9a9c0d34e97551f4ff35b686530f162?s=96&d=mm&r=g\",\"contentUrl\":\"https:\/\/secure.gravatar.com\/avatar\/1371dfadc56137360f68c96c14e7c754a9a9c0d34e97551f4ff35b686530f162?s=96&d=mm&r=g\",\"caption\":\"Herv\u00e9 Squividant\"},\"sameAs\":[\"https:\/\/geosas.fr\/web\"],\"url\":\"https:\/\/geosas.fr\/web\/?author=1\"}]}<\/script>\n<!-- \/ Yoast SEO plugin. -->","yoast_head_json":{"title":"Finalisation du visualiseur cartographique du projet Parchemins - G\u00e9oSAS","robots":{"index":"index","follow":"follow","max-snippet":"max-snippet:-1","max-image-preview":"max-image-preview:large","max-video-preview":"max-video-preview:-1"},"canonical":"https:\/\/geosas.fr\/web\/?p=5895","og_locale":"fr_FR","og_type":"article","og_title":"Finalisation du visualiseur cartographique du projet Parchemins - G\u00e9oSAS","og_description":"https:\/\/geosas.fr\/parchemins C\u2019EST QUOI PARCHEMIN&nbsp;? Le Projet&nbsp;Parchemins,&nbsp;\u00ab&nbsp;Paroles et chemins de l\u2019agriculture littorale&nbsp;\u00bb, vise \u00e0 concevoir, exp\u00e9rimenter et consolider des espaces de d\u00e9lib\u00e9ration et de probl\u00e9matisation sur &hellip;","og_url":"https:\/\/geosas.fr\/web\/?p=5895","og_site_name":"G\u00e9oSAS","article_published_time":"2022-01-31T10:11:43+00:00","article_modified_time":"2023-11-06T16:08:34+00:00","og_image":[{"width":451,"height":419,"url":"https:\/\/geosas.fr\/web\/wp-content\/uploads\/2022\/01\/1_Accueil-Parchemins.png","type":"image\/png"}],"author":"Herv\u00e9 Squividant","twitter_card":"summary_large_image","twitter_misc":{"Written by":"Herv\u00e9 Squividant","Est. reading time":"4 minutes"},"schema":{"@context":"https:\/\/schema.org","@graph":[{"@type":"Article","@id":"https:\/\/geosas.fr\/web\/?p=5895#article","isPartOf":{"@id":"https:\/\/geosas.fr\/web\/?p=5895"},"author":{"name":"Herv\u00e9 Squividant","@id":"https:\/\/geosas.fr\/web\/#\/schema\/person\/f03aaac89a85e6d8a9deca51f6a746e6"},"headline":"Finalisation du visualiseur cartographique du projet Parchemins","datePublished":"2022-01-31T10:11:43+00:00","dateModified":"2023-11-06T16:08:34+00:00","mainEntityOfPage":{"@id":"https:\/\/geosas.fr\/web\/?p=5895"},"wordCount":745,"publisher":{"@id":"https:\/\/geosas.fr\/web\/#organization"},"image":{"@id":"https:\/\/geosas.fr\/web\/?p=5895#primaryimage"},"thumbnailUrl":"https:\/\/geosas.fr\/web\/wp-content\/uploads\/2022\/01\/1_Accueil-Parchemins.png","articleSection":{"0":"Mod\u00e9lisation","2":"Toutes les actualit\u00e9s"},"inLanguage":"fr-FR"},{"@type":"WebPage","@id":"https:\/\/geosas.fr\/web\/?p=5895","url":"https:\/\/geosas.fr\/web\/?p=5895","name":"Finalisation du visualiseur cartographique du projet Parchemins - G\u00e9oSAS","isPartOf":{"@id":"https:\/\/geosas.fr\/web\/#website"},"primaryImageOfPage":{"@id":"https:\/\/geosas.fr\/web\/?p=5895#primaryimage"},"image":{"@id":"https:\/\/geosas.fr\/web\/?p=5895#primaryimage"},"thumbnailUrl":"https:\/\/geosas.fr\/web\/wp-content\/uploads\/2022\/01\/1_Accueil-Parchemins.png","datePublished":"2022-01-31T10:11:43+00:00","dateModified":"2023-11-06T16:08:34+00:00","breadcrumb":{"@id":"https:\/\/geosas.fr\/web\/?p=5895#breadcrumb"},"inLanguage":"fr-FR","potentialAction":[{"@type":"ReadAction","target":["https:\/\/geosas.fr\/web\/?p=5895"]}]},{"@type":"ImageObject","inLanguage":"fr-FR","@id":"https:\/\/geosas.fr\/web\/?p=5895#primaryimage","url":"https:\/\/geosas.fr\/web\/wp-content\/uploads\/2022\/01\/1_Accueil-Parchemins.png","contentUrl":"https:\/\/geosas.fr\/web\/wp-content\/uploads\/2022\/01\/1_Accueil-Parchemins.png","width":451,"height":419},{"@type":"BreadcrumbList","@id":"https:\/\/geosas.fr\/web\/?p=5895#breadcrumb","itemListElement":[{"@type":"ListItem","position":1,"name":"Home","item":"https:\/\/geosas.fr\/web\/"},{"@type":"ListItem","position":2,"name":"Finalisation du visualiseur cartographique du projet Parchemins"}]},{"@type":"WebSite","@id":"https:\/\/geosas.fr\/web\/#website","url":"https:\/\/geosas.fr\/web\/","name":"G\u00e9oSAS","description":"Portail de l&#039;information g\u00e9ographique de l&#039;UMR SAS - INRAE - Institut Agro","publisher":{"@id":"https:\/\/geosas.fr\/web\/#organization"},"potentialAction":[{"@type":"SearchAction","target":{"@type":"EntryPoint","urlTemplate":"https:\/\/geosas.fr\/web\/?s={search_term_string}"},"query-input":{"@type":"PropertyValueSpecification","valueRequired":true,"valueName":"search_term_string"}}],"inLanguage":"fr-FR"},{"@type":"Organization","@id":"https:\/\/geosas.fr\/web\/#organization","name":"G\u00e9oSAS","url":"https:\/\/geosas.fr\/web\/","logo":{"@type":"ImageObject","inLanguage":"fr-FR","@id":"https:\/\/geosas.fr\/web\/#\/schema\/logo\/image\/","url":"https:\/\/geosas.fr\/web\/wp-content\/uploads\/2021\/03\/cropped-Moyen-logo-BleuF-2.png","contentUrl":"https:\/\/geosas.fr\/web\/wp-content\/uploads\/2021\/03\/cropped-Moyen-logo-BleuF-2.png","width":358,"height":90,"caption":"G\u00e9oSAS"},"image":{"@id":"https:\/\/geosas.fr\/web\/#\/schema\/logo\/image\/"}},{"@type":"Person","@id":"https:\/\/geosas.fr\/web\/#\/schema\/person\/f03aaac89a85e6d8a9deca51f6a746e6","name":"Herv\u00e9 Squividant","image":{"@type":"ImageObject","inLanguage":"fr-FR","@id":"https:\/\/geosas.fr\/web\/#\/schema\/person\/image\/","url":"https:\/\/secure.gravatar.com\/avatar\/1371dfadc56137360f68c96c14e7c754a9a9c0d34e97551f4ff35b686530f162?s=96&d=mm&r=g","contentUrl":"https:\/\/secure.gravatar.com\/avatar\/1371dfadc56137360f68c96c14e7c754a9a9c0d34e97551f4ff35b686530f162?s=96&d=mm&r=g","caption":"Herv\u00e9 Squividant"},"sameAs":["https:\/\/geosas.fr\/web"],"url":"https:\/\/geosas.fr\/web\/?author=1"}]}},"_links":{"self":[{"href":"https:\/\/geosas.fr\/web\/index.php?rest_route=\/wp\/v2\/posts\/5895","targetHints":{"allow":["GET"]}}],"collection":[{"href":"https:\/\/geosas.fr\/web\/index.php?rest_route=\/wp\/v2\/posts"}],"about":[{"href":"https:\/\/geosas.fr\/web\/index.php?rest_route=\/wp\/v2\/types\/post"}],"author":[{"embeddable":true,"href":"https:\/\/geosas.fr\/web\/index.php?rest_route=\/wp\/v2\/users\/1"}],"replies":[{"embeddable":true,"href":"https:\/\/geosas.fr\/web\/index.php?rest_route=%2Fwp%2Fv2%2Fcomments&post=5895"}],"version-history":[{"count":5,"href":"https:\/\/geosas.fr\/web\/index.php?rest_route=\/wp\/v2\/posts\/5895\/revisions"}],"predecessor-version":[{"id":6176,"href":"https:\/\/geosas.fr\/web\/index.php?rest_route=\/wp\/v2\/posts\/5895\/revisions\/6176"}],"wp:featuredmedia":[{"embeddable":true,"href":"https:\/\/geosas.fr\/web\/index.php?rest_route=\/wp\/v2\/media\/5896"}],"wp:attachment":[{"href":"https:\/\/geosas.fr\/web\/index.php?rest_route=%2Fwp%2Fv2%2Fmedia&parent=5895"}],"wp:term":[{"taxonomy":"category","embeddable":true,"href":"https:\/\/geosas.fr\/web\/index.php?rest_route=%2Fwp%2Fv2%2Fcategories&post=5895"},{"taxonomy":"post_tag","embeddable":true,"href":"https:\/\/geosas.fr\/web\/index.php?rest_route=%2Fwp%2Fv2%2Ftags&post=5895"}],"curies":[{"name":"wp","href":"https:\/\/api.w.org\/{rel}","templated":true}]}}