{"id":4148,"date":"2021-01-29T10:45:14","date_gmt":"2021-01-29T09:45:14","guid":{"rendered":"http:\/\/geowww.agrocampus-ouest.fr\/web\/?p=4148"},"modified":"2021-12-14T13:56:50","modified_gmt":"2021-12-14T12:56:50","slug":"un-portail-cartographique-pour-le-programme-scientifique-selune","status":"publish","type":"post","link":"https:\/\/geosas.fr\/web\/?p=4148","title":{"rendered":"Un portail cartographique pour le programme scientifique S\u00e9lune"},"content":{"rendered":"<p>Le programme scientifique S\u00e9lune se dote d\u2019une porte d\u2019entr\u00e9e cartographique o\u00f9 vous pourrez consulter et t\u00e9l\u00e9charger les donn\u00e9es en lien avec la restauration de la continuit\u00e9 \u00e9cologique du fleuve S\u00e9lune :<br \/><a href=\"https:\/\/geosas.fr\/selune\/\" target=\"_blank\" rel=\"noopener\"><img loading=\"lazy\" decoding=\"async\" class=\"alignnone size-full wp-image-4153\" src=\"https:\/\/geosas.fr\/web\/wp-content\/uploads\/2021\/01\/portail-selune.png\" alt=\"\" width=\"1860\" height=\"950\" srcset=\"https:\/\/geosas.fr\/web\/wp-content\/uploads\/2021\/01\/portail-selune.png 1860w, https:\/\/geosas.fr\/web\/wp-content\/uploads\/2021\/01\/portail-selune-300x153.png 300w, https:\/\/geosas.fr\/web\/wp-content\/uploads\/2021\/01\/portail-selune-1024x523.png 1024w, https:\/\/geosas.fr\/web\/wp-content\/uploads\/2021\/01\/portail-selune-768x392.png 768w, https:\/\/geosas.fr\/web\/wp-content\/uploads\/2021\/01\/portail-selune-1536x785.png 1536w, https:\/\/geosas.fr\/web\/wp-content\/uploads\/2021\/01\/portail-selune-1568x801.png 1568w\" sizes=\"auto, (max-width: 1860px) 100vw, 1860px\" \/><\/a><\/p>\n<p style=\"text-align: center;\"><a href=\"https:\/\/geosas.fr\/selune\/\" target=\"_blank\" rel=\"noopener\"><strong>https:\/\/geosas.fr\/selune<\/strong><\/a><\/p>\n<h5>\u00a0<\/h5>\n<h5 style=\"text-align: left;\">Le portail<\/h5>\n<p>Le cours principal du fleuve S\u00e9lune comptait jusqu\u2019\u00e0 peu deux barrages hydro-\u00e9lectriques. Le programme scientifique S\u00e9lune vise \u00e0 suivre et comprendre les m\u00e9canismes de <strong>restauration des continuit\u00e9s \u00e9cologiques<\/strong> suite \u00e0 leur effacement.<br \/>Le portail cartographique se veut une aide \u00e0 la contextualisation et \u00e0 la visualisation des dynamiques <strong>biologiques, abiotiques et de territoire<\/strong>. Il se focalise sur le bassin-versant de la S\u00e9lune, et contiendra des donn\u00e9es allant de 2012 (avant l\u2019effacement des barrages) \u00e0 2027 (plusieurs ann\u00e9es apr\u00e8s).<br \/>Le portail cartographique est actuellement en version Beta. Il \u00e9voluera en s\u2019enrichissant de nouvelles donn\u00e9es et en essayant de rendre le plus simple possible la consultation de ces donn\u00e9es. Que vous soyez scientifiques, acteurs locaux ou que vous souhaitiez simplement en savoir plus sur la restauration de la continuit\u00e9 \u00e9cologique du fleuve S\u00e9lune, venez d\u00e9couvrir ou retrouver les donn\u00e9es de l\u2019Observatoire S\u00e9lune. <a href=\"https:\/\/geosas.fr\/selune\/\" target=\"_blank\" rel=\"noopener\">Acc\u00e9dez au portail<\/a>\u00a0<\/p>\n<h5>La continuit\u00e9 \u00e9cologique des cours d\u2019eau : une priorit\u00e9<\/h5>\n<p>La notion de continuit\u00e9 \u00e9cologique des cours d\u2019eau a \u00e9t\u00e9 introduite par la Directive Cadre sur l\u2019Eau en 2000 comme un \u00e9l\u00e9ment contribuant au bon \u00e9tat \u00e9cologique des cours d\u2019eau (Annexe V, Directive 2000\/60\/CE). Elle est actuellement d\u00e9finie par \u00ab la libre circulation des organismes vivants et leur acc\u00e8s aux zones de reproduction, de croissance, d\u2019alimentation ou d\u2019abri et le transport naturel des s\u00e9diments d\u2019amont en aval et d\u2019une rive \u00e0 l\u2019autre \u00bb. Suite \u00e0 la mise en place d\u2019une trame verte et bleue par les lois Grenelle de 2009 et 2010, la restauration de la continuit\u00e9 \u00e9cologique des cours d\u2019eau est devenue une <strong>priorit\u00e9<\/strong>.\u00a0<\/p>\n<h5>Le programme de restauration de la continuit\u00e9 \u00e9cologique de la S\u00e9lune<\/h5>\n<p><img loading=\"lazy\" decoding=\"async\" class=\"alignleft wp-image-4302\" src=\"https:\/\/geosas.fr\/web\/wp-content\/uploads\/2021\/01\/logo_prog_selune_v2.2.png\" alt=\"\" width=\"160\" height=\"134\" srcset=\"https:\/\/geosas.fr\/web\/wp-content\/uploads\/2021\/01\/logo_prog_selune_v2.2.png 665w, https:\/\/geosas.fr\/web\/wp-content\/uploads\/2021\/01\/logo_prog_selune_v2.2-300x250.png 300w\" sizes=\"auto, (max-width: 160px) 100vw, 160px\" \/><br \/>Le <a href=\"https:\/\/programme-selune.com\/fr\/\" target=\"_blank\" rel=\"noopener\"><strong>programme scientifique<\/strong><\/a> sur la S\u00e9lune se pr\u00e9sente comme un programme pilote national et europ\u00e9en. Son objectif est de comprendre les m\u00e9canismes de restauration des continuit\u00e9s \u00e9cologiques suite \u00e0 l\u2019effacement de deux grands barrages sur le cours principal de la S\u00e9lune, en Normandie. Il constitue une \u00e9tude de cas exemplaire, multidisciplinaire et sans pr\u00e9c\u00e9dent sur la probl\u00e9matique d\u2019effacement de barrages sur un cours d\u2019eau.\u00a0<\/p>\n<h5>L\u2019observatoire S\u00e9lune<\/h5>\n<p><img loading=\"lazy\" decoding=\"async\" class=\"alignleft wp-image-4303\" src=\"https:\/\/geosas.fr\/web\/wp-content\/uploads\/2021\/01\/logo-observatoire-SELUNE-logo.png\" alt=\"\" width=\"160\" height=\"126\" srcset=\"https:\/\/geosas.fr\/web\/wp-content\/uploads\/2021\/01\/logo-observatoire-SELUNE-logo.png 700w, https:\/\/geosas.fr\/web\/wp-content\/uploads\/2021\/01\/logo-observatoire-SELUNE-logo-300x236.png 300w\" sizes=\"auto, (max-width: 160px) 100vw, 160px\" \/><br \/>L\u2019<a href=\"https:\/\/programme-selune.com\/fr\/observatoire\/\" target=\"_blank\" rel=\"noopener\"><strong>Observatoire S\u00e9lune<\/strong><\/a> a \u00e9t\u00e9 initi\u00e9 en 2019 et r\u00e9alisera le suivi environnemental jusqu\u2019\u00e0 l\u2019horizon 2027. Il permettra \u00e0 terme de caract\u00e9riser les <strong>dynamiques biologiques<\/strong> (bioc\u00e9noses aquatiques et rivulaires), <strong>abiotiques<\/strong> (r\u00e9gimes hydrologiques, chimiques, et s\u00e9dimentaires) et <strong>de territoire<\/strong> sur la S\u00e9lune.<br \/>Pour cela, l\u2019observatoire r\u00e9pertorie les donn\u00e9es issues de suivis ant\u00e9rieurs en lien avec les projets de recherche (phase d\u2019\u00e9valuation, projets avant 2019), collecte de nouvelles donn\u00e9es, les traite et les met \u00e0 disposition \u00e0 travers un <a href=\"https:\/\/programme-selune.com\/fr\/observatoire\/siselune\/\" target=\"_blank\" rel=\"noopener\"><strong>syst\u00e8me d\u2019informations (SI)<\/strong><\/a>. Le portail pr\u00e9sent\u00e9 ici en est la porte d\u2019entr\u00e9e cartographique.\u00a0<\/p>\n<h5>Partenaires<\/h5>\n<p>\u00a0<\/p>\n<table>\n<tbody>\n<tr>\n<td><a href=\"http:\/\/www.eau-seine-normandie.fr\/\" target=\"_blank\" rel=\"noopener\"><img loading=\"lazy\" decoding=\"async\" class=\"alignnone wp-image-4252\" src=\"https:\/\/geosas.fr\/web\/wp-content\/uploads\/2021\/01\/LOGO-AESN-1.png\" alt=\"\" width=\"110\" height=\"55\" \/><\/a><\/td>\n<td><a href=\"https:\/\/www.manche.gouv.fr\/Services-de-l-Etat\/Mer-et-littoral\/DDTM\" target=\"_blank\" rel=\"noopener\"><img loading=\"lazy\" decoding=\"async\" class=\"alignnone wp-image-4253\" src=\"https:\/\/geosas.fr\/web\/wp-content\/uploads\/2021\/01\/LOGO-MANCHE-1.png\" alt=\"\" width=\"83\" height=\"67\" \/><\/a><\/td>\n<td><a href=\"https:\/\/www.edf.fr\/\" target=\"_blank\" rel=\"noopener\"><img loading=\"lazy\" decoding=\"async\" class=\"alignnone wp-image-4159\" src=\"https:\/\/geosas.fr\/web\/wp-content\/uploads\/2021\/01\/LOGO-edf.png\" alt=\"\" width=\"103\" height=\"44\" \/><\/a><\/td>\n<td><img loading=\"lazy\" decoding=\"async\" class=\"wp-image-5243 aligncenter\" src=\"https:\/\/geosas.fr\/web\/wp-content\/uploads\/2021\/11\/LOGO-PECHE-DE-FRANCE.png\" alt=\"\" width=\"71\" height=\"79\" \/><\/td>\n<td><a href=\"https:\/\/www.inrae.fr\/\" target=\"_blank\" rel=\"noopener\"><img loading=\"lazy\" decoding=\"async\" class=\"alignnone wp-image-4162\" src=\"https:\/\/geosas.fr\/web\/wp-content\/uploads\/2021\/01\/LOGO-inrae.png\" alt=\"\" width=\"83\" height=\"22\" \/><\/a><\/td>\n<td><a href=\"https:\/\/ofb.gouv.fr\/\" target=\"_blank\" rel=\"noopener\"><img loading=\"lazy\" decoding=\"async\" class=\"alignnone wp-image-4163\" src=\"https:\/\/geosas.fr\/web\/wp-content\/uploads\/2021\/01\/LOGO-OFB.png\" alt=\"\" width=\"63\" height=\"63\" \/><\/a><\/td>\n<\/tr>\n<\/tbody>\n<\/table>\n\n\n<div class=\"wp-block-columns is-layout-flex wp-container-core-columns-is-layout-9d6595d7 wp-block-columns-is-layout-flex\"><\/div>\n","protected":false},"excerpt":{"rendered":"<p>Le programme scientifique S\u00e9lune se dote d\u2019une porte d\u2019entr\u00e9e cartographique o\u00f9 vous pourrez consulter et t\u00e9l\u00e9charger les donn\u00e9es en lien avec la restauration de la &hellip; <\/p>\n","protected":false},"author":1,"featured_media":4210,"comment_status":"closed","ping_status":"closed","sticky":false,"template":"","format":"standard","meta":{"footnotes":""},"categories":[4,6,9],"tags":[],"class_list":["post-4148","post","type-post","status-publish","format-standard","has-post-thumbnail","hentry","category-donnees","category-modelisation","category-toutes-les-actualites"],"yoast_head":"<!-- This site is optimized with the Yoast SEO plugin v24.7 - https:\/\/yoast.com\/wordpress\/plugins\/seo\/ -->\n<title>Un portail cartographique pour le programme scientifique S\u00e9lune - G\u00e9oSAS<\/title>\n<meta name=\"robots\" content=\"index, follow, max-snippet:-1, max-image-preview:large, max-video-preview:-1\" \/>\n<link rel=\"canonical\" href=\"https:\/\/geosas.fr\/web\/?p=4148\" \/>\n<meta property=\"og:locale\" content=\"fr_FR\" \/>\n<meta property=\"og:type\" content=\"article\" \/>\n<meta property=\"og:title\" content=\"Un portail cartographique pour le programme scientifique S\u00e9lune - G\u00e9oSAS\" \/>\n<meta property=\"og:description\" content=\"Le programme scientifique S\u00e9lune se dote d\u2019une porte d\u2019entr\u00e9e cartographique o\u00f9 vous pourrez consulter et t\u00e9l\u00e9charger les donn\u00e9es en lien avec la restauration de la &hellip;\" \/>\n<meta property=\"og:url\" content=\"https:\/\/geosas.fr\/web\/?p=4148\" \/>\n<meta property=\"og:site_name\" content=\"G\u00e9oSAS\" \/>\n<meta property=\"article:published_time\" content=\"2021-01-29T09:45:14+00:00\" \/>\n<meta property=\"article:modified_time\" content=\"2021-12-14T12:56:50+00:00\" \/>\n<meta property=\"og:image\" content=\"https:\/\/geosas.fr\/web\/wp-content\/uploads\/2021\/01\/Image-ARTICLE.png\" \/>\n\t<meta property=\"og:image:width\" content=\"512\" \/>\n\t<meta property=\"og:image:height\" content=\"268\" \/>\n\t<meta property=\"og:image:type\" content=\"image\/png\" \/>\n<meta name=\"author\" content=\"Herv\u00e9 Squividant\" \/>\n<meta name=\"twitter:card\" content=\"summary_large_image\" \/>\n<meta name=\"twitter:label1\" content=\"Written by\" \/>\n\t<meta name=\"twitter:data1\" content=\"Herv\u00e9 Squividant\" \/>\n\t<meta name=\"twitter:label2\" content=\"Est. reading time\" \/>\n\t<meta name=\"twitter:data2\" content=\"3 minutes\" \/>\n<script type=\"application\/ld+json\" class=\"yoast-schema-graph\">{\"@context\":\"https:\/\/schema.org\",\"@graph\":[{\"@type\":\"Article\",\"@id\":\"https:\/\/geosas.fr\/web\/?p=4148#article\",\"isPartOf\":{\"@id\":\"https:\/\/geosas.fr\/web\/?p=4148\"},\"author\":{\"name\":\"Herv\u00e9 Squividant\",\"@id\":\"https:\/\/geosas.fr\/web\/#\/schema\/person\/f03aaac89a85e6d8a9deca51f6a746e6\"},\"headline\":\"Un portail cartographique pour le programme scientifique S\u00e9lune\",\"datePublished\":\"2021-01-29T09:45:14+00:00\",\"dateModified\":\"2021-12-14T12:56:50+00:00\",\"mainEntityOfPage\":{\"@id\":\"https:\/\/geosas.fr\/web\/?p=4148\"},\"wordCount\":524,\"publisher\":{\"@id\":\"https:\/\/geosas.fr\/web\/#organization\"},\"image\":{\"@id\":\"https:\/\/geosas.fr\/web\/?p=4148#primaryimage\"},\"thumbnailUrl\":\"https:\/\/geosas.fr\/web\/wp-content\/uploads\/2021\/01\/Image-ARTICLE.png\",\"articleSection\":[\"Donn\u00e9es\",\"Mod\u00e9lisation\",\"Toutes les actualit\u00e9s\"],\"inLanguage\":\"fr-FR\"},{\"@type\":\"WebPage\",\"@id\":\"https:\/\/geosas.fr\/web\/?p=4148\",\"url\":\"https:\/\/geosas.fr\/web\/?p=4148\",\"name\":\"Un portail cartographique pour le programme scientifique S\u00e9lune - G\u00e9oSAS\",\"isPartOf\":{\"@id\":\"https:\/\/geosas.fr\/web\/#website\"},\"primaryImageOfPage\":{\"@id\":\"https:\/\/geosas.fr\/web\/?p=4148#primaryimage\"},\"image\":{\"@id\":\"https:\/\/geosas.fr\/web\/?p=4148#primaryimage\"},\"thumbnailUrl\":\"https:\/\/geosas.fr\/web\/wp-content\/uploads\/2021\/01\/Image-ARTICLE.png\",\"datePublished\":\"2021-01-29T09:45:14+00:00\",\"dateModified\":\"2021-12-14T12:56:50+00:00\",\"breadcrumb\":{\"@id\":\"https:\/\/geosas.fr\/web\/?p=4148#breadcrumb\"},\"inLanguage\":\"fr-FR\",\"potentialAction\":[{\"@type\":\"ReadAction\",\"target\":[\"https:\/\/geosas.fr\/web\/?p=4148\"]}]},{\"@type\":\"ImageObject\",\"inLanguage\":\"fr-FR\",\"@id\":\"https:\/\/geosas.fr\/web\/?p=4148#primaryimage\",\"url\":\"https:\/\/geosas.fr\/web\/wp-content\/uploads\/2021\/01\/Image-ARTICLE.png\",\"contentUrl\":\"https:\/\/geosas.fr\/web\/wp-content\/uploads\/2021\/01\/Image-ARTICLE.png\",\"width\":512,\"height\":268},{\"@type\":\"BreadcrumbList\",\"@id\":\"https:\/\/geosas.fr\/web\/?p=4148#breadcrumb\",\"itemListElement\":[{\"@type\":\"ListItem\",\"position\":1,\"name\":\"Home\",\"item\":\"https:\/\/geosas.fr\/web\/\"},{\"@type\":\"ListItem\",\"position\":2,\"name\":\"Un portail cartographique pour le programme scientifique S\u00e9lune\"}]},{\"@type\":\"WebSite\",\"@id\":\"https:\/\/geosas.fr\/web\/#website\",\"url\":\"https:\/\/geosas.fr\/web\/\",\"name\":\"G\u00e9oSAS\",\"description\":\"Portail de l&#039;information g\u00e9ographique de l&#039;UMR SAS - INRAE - Institut Agro\",\"publisher\":{\"@id\":\"https:\/\/geosas.fr\/web\/#organization\"},\"potentialAction\":[{\"@type\":\"SearchAction\",\"target\":{\"@type\":\"EntryPoint\",\"urlTemplate\":\"https:\/\/geosas.fr\/web\/?s={search_term_string}\"},\"query-input\":{\"@type\":\"PropertyValueSpecification\",\"valueRequired\":true,\"valueName\":\"search_term_string\"}}],\"inLanguage\":\"fr-FR\"},{\"@type\":\"Organization\",\"@id\":\"https:\/\/geosas.fr\/web\/#organization\",\"name\":\"G\u00e9oSAS\",\"url\":\"https:\/\/geosas.fr\/web\/\",\"logo\":{\"@type\":\"ImageObject\",\"inLanguage\":\"fr-FR\",\"@id\":\"https:\/\/geosas.fr\/web\/#\/schema\/logo\/image\/\",\"url\":\"https:\/\/geosas.fr\/web\/wp-content\/uploads\/2021\/03\/cropped-Moyen-logo-BleuF-2.png\",\"contentUrl\":\"https:\/\/geosas.fr\/web\/wp-content\/uploads\/2021\/03\/cropped-Moyen-logo-BleuF-2.png\",\"width\":358,\"height\":90,\"caption\":\"G\u00e9oSAS\"},\"image\":{\"@id\":\"https:\/\/geosas.fr\/web\/#\/schema\/logo\/image\/\"}},{\"@type\":\"Person\",\"@id\":\"https:\/\/geosas.fr\/web\/#\/schema\/person\/f03aaac89a85e6d8a9deca51f6a746e6\",\"name\":\"Herv\u00e9 Squividant\",\"image\":{\"@type\":\"ImageObject\",\"inLanguage\":\"fr-FR\",\"@id\":\"https:\/\/geosas.fr\/web\/#\/schema\/person\/image\/\",\"url\":\"https:\/\/secure.gravatar.com\/avatar\/1371dfadc56137360f68c96c14e7c754a9a9c0d34e97551f4ff35b686530f162?s=96&d=mm&r=g\",\"contentUrl\":\"https:\/\/secure.gravatar.com\/avatar\/1371dfadc56137360f68c96c14e7c754a9a9c0d34e97551f4ff35b686530f162?s=96&d=mm&r=g\",\"caption\":\"Herv\u00e9 Squividant\"},\"sameAs\":[\"https:\/\/geosas.fr\/web\"],\"url\":\"https:\/\/geosas.fr\/web\/?author=1\"}]}<\/script>\n<!-- \/ Yoast SEO plugin. -->","yoast_head_json":{"title":"Un portail cartographique pour le programme scientifique S\u00e9lune - G\u00e9oSAS","robots":{"index":"index","follow":"follow","max-snippet":"max-snippet:-1","max-image-preview":"max-image-preview:large","max-video-preview":"max-video-preview:-1"},"canonical":"https:\/\/geosas.fr\/web\/?p=4148","og_locale":"fr_FR","og_type":"article","og_title":"Un portail cartographique pour le programme scientifique S\u00e9lune - G\u00e9oSAS","og_description":"Le programme scientifique S\u00e9lune se dote d\u2019une porte d\u2019entr\u00e9e cartographique o\u00f9 vous pourrez consulter et t\u00e9l\u00e9charger les donn\u00e9es en lien avec la restauration de la &hellip;","og_url":"https:\/\/geosas.fr\/web\/?p=4148","og_site_name":"G\u00e9oSAS","article_published_time":"2021-01-29T09:45:14+00:00","article_modified_time":"2021-12-14T12:56:50+00:00","og_image":[{"width":512,"height":268,"url":"https:\/\/geosas.fr\/web\/wp-content\/uploads\/2021\/01\/Image-ARTICLE.png","type":"image\/png"}],"author":"Herv\u00e9 Squividant","twitter_card":"summary_large_image","twitter_misc":{"Written by":"Herv\u00e9 Squividant","Est. reading time":"3 minutes"},"schema":{"@context":"https:\/\/schema.org","@graph":[{"@type":"Article","@id":"https:\/\/geosas.fr\/web\/?p=4148#article","isPartOf":{"@id":"https:\/\/geosas.fr\/web\/?p=4148"},"author":{"name":"Herv\u00e9 Squividant","@id":"https:\/\/geosas.fr\/web\/#\/schema\/person\/f03aaac89a85e6d8a9deca51f6a746e6"},"headline":"Un portail cartographique pour le programme scientifique S\u00e9lune","datePublished":"2021-01-29T09:45:14+00:00","dateModified":"2021-12-14T12:56:50+00:00","mainEntityOfPage":{"@id":"https:\/\/geosas.fr\/web\/?p=4148"},"wordCount":524,"publisher":{"@id":"https:\/\/geosas.fr\/web\/#organization"},"image":{"@id":"https:\/\/geosas.fr\/web\/?p=4148#primaryimage"},"thumbnailUrl":"https:\/\/geosas.fr\/web\/wp-content\/uploads\/2021\/01\/Image-ARTICLE.png","articleSection":["Donn\u00e9es","Mod\u00e9lisation","Toutes les actualit\u00e9s"],"inLanguage":"fr-FR"},{"@type":"WebPage","@id":"https:\/\/geosas.fr\/web\/?p=4148","url":"https:\/\/geosas.fr\/web\/?p=4148","name":"Un portail cartographique pour le programme scientifique S\u00e9lune - G\u00e9oSAS","isPartOf":{"@id":"https:\/\/geosas.fr\/web\/#website"},"primaryImageOfPage":{"@id":"https:\/\/geosas.fr\/web\/?p=4148#primaryimage"},"image":{"@id":"https:\/\/geosas.fr\/web\/?p=4148#primaryimage"},"thumbnailUrl":"https:\/\/geosas.fr\/web\/wp-content\/uploads\/2021\/01\/Image-ARTICLE.png","datePublished":"2021-01-29T09:45:14+00:00","dateModified":"2021-12-14T12:56:50+00:00","breadcrumb":{"@id":"https:\/\/geosas.fr\/web\/?p=4148#breadcrumb"},"inLanguage":"fr-FR","potentialAction":[{"@type":"ReadAction","target":["https:\/\/geosas.fr\/web\/?p=4148"]}]},{"@type":"ImageObject","inLanguage":"fr-FR","@id":"https:\/\/geosas.fr\/web\/?p=4148#primaryimage","url":"https:\/\/geosas.fr\/web\/wp-content\/uploads\/2021\/01\/Image-ARTICLE.png","contentUrl":"https:\/\/geosas.fr\/web\/wp-content\/uploads\/2021\/01\/Image-ARTICLE.png","width":512,"height":268},{"@type":"BreadcrumbList","@id":"https:\/\/geosas.fr\/web\/?p=4148#breadcrumb","itemListElement":[{"@type":"ListItem","position":1,"name":"Home","item":"https:\/\/geosas.fr\/web\/"},{"@type":"ListItem","position":2,"name":"Un portail cartographique pour le programme scientifique S\u00e9lune"}]},{"@type":"WebSite","@id":"https:\/\/geosas.fr\/web\/#website","url":"https:\/\/geosas.fr\/web\/","name":"G\u00e9oSAS","description":"Portail de l&#039;information g\u00e9ographique de l&#039;UMR SAS - INRAE - Institut Agro","publisher":{"@id":"https:\/\/geosas.fr\/web\/#organization"},"potentialAction":[{"@type":"SearchAction","target":{"@type":"EntryPoint","urlTemplate":"https:\/\/geosas.fr\/web\/?s={search_term_string}"},"query-input":{"@type":"PropertyValueSpecification","valueRequired":true,"valueName":"search_term_string"}}],"inLanguage":"fr-FR"},{"@type":"Organization","@id":"https:\/\/geosas.fr\/web\/#organization","name":"G\u00e9oSAS","url":"https:\/\/geosas.fr\/web\/","logo":{"@type":"ImageObject","inLanguage":"fr-FR","@id":"https:\/\/geosas.fr\/web\/#\/schema\/logo\/image\/","url":"https:\/\/geosas.fr\/web\/wp-content\/uploads\/2021\/03\/cropped-Moyen-logo-BleuF-2.png","contentUrl":"https:\/\/geosas.fr\/web\/wp-content\/uploads\/2021\/03\/cropped-Moyen-logo-BleuF-2.png","width":358,"height":90,"caption":"G\u00e9oSAS"},"image":{"@id":"https:\/\/geosas.fr\/web\/#\/schema\/logo\/image\/"}},{"@type":"Person","@id":"https:\/\/geosas.fr\/web\/#\/schema\/person\/f03aaac89a85e6d8a9deca51f6a746e6","name":"Herv\u00e9 Squividant","image":{"@type":"ImageObject","inLanguage":"fr-FR","@id":"https:\/\/geosas.fr\/web\/#\/schema\/person\/image\/","url":"https:\/\/secure.gravatar.com\/avatar\/1371dfadc56137360f68c96c14e7c754a9a9c0d34e97551f4ff35b686530f162?s=96&d=mm&r=g","contentUrl":"https:\/\/secure.gravatar.com\/avatar\/1371dfadc56137360f68c96c14e7c754a9a9c0d34e97551f4ff35b686530f162?s=96&d=mm&r=g","caption":"Herv\u00e9 Squividant"},"sameAs":["https:\/\/geosas.fr\/web"],"url":"https:\/\/geosas.fr\/web\/?author=1"}]}},"_links":{"self":[{"href":"https:\/\/geosas.fr\/web\/index.php?rest_route=\/wp\/v2\/posts\/4148","targetHints":{"allow":["GET"]}}],"collection":[{"href":"https:\/\/geosas.fr\/web\/index.php?rest_route=\/wp\/v2\/posts"}],"about":[{"href":"https:\/\/geosas.fr\/web\/index.php?rest_route=\/wp\/v2\/types\/post"}],"author":[{"embeddable":true,"href":"https:\/\/geosas.fr\/web\/index.php?rest_route=\/wp\/v2\/users\/1"}],"replies":[{"embeddable":true,"href":"https:\/\/geosas.fr\/web\/index.php?rest_route=%2Fwp%2Fv2%2Fcomments&post=4148"}],"version-history":[{"count":3,"href":"https:\/\/geosas.fr\/web\/index.php?rest_route=\/wp\/v2\/posts\/4148\/revisions"}],"predecessor-version":[{"id":5426,"href":"https:\/\/geosas.fr\/web\/index.php?rest_route=\/wp\/v2\/posts\/4148\/revisions\/5426"}],"wp:featuredmedia":[{"embeddable":true,"href":"https:\/\/geosas.fr\/web\/index.php?rest_route=\/wp\/v2\/media\/4210"}],"wp:attachment":[{"href":"https:\/\/geosas.fr\/web\/index.php?rest_route=%2Fwp%2Fv2%2Fmedia&parent=4148"}],"wp:term":[{"taxonomy":"category","embeddable":true,"href":"https:\/\/geosas.fr\/web\/index.php?rest_route=%2Fwp%2Fv2%2Fcategories&post=4148"},{"taxonomy":"post_tag","embeddable":true,"href":"https:\/\/geosas.fr\/web\/index.php?rest_route=%2Fwp%2Fv2%2Ftags&post=4148"}],"curies":[{"name":"wp","href":"https:\/\/api.w.org\/{rel}","templated":true}]}}