{"id":1106,"date":"2013-09-26T21:33:52","date_gmt":"2013-09-26T20:33:52","guid":{"rendered":"http:\/\/geowww.agrocampus-ouest.fr\/web\/?p=1106"},"modified":"2022-01-10T15:32:24","modified_gmt":"2022-01-10T14:32:24","slug":"presentation-du-wps-bassin-versant-a-sageo-2013","status":"publish","type":"post","link":"https:\/\/geosas.fr\/web\/?p=1106","title":{"rendered":"Pr\u00e9sentation du WPS Bassin Versant \u00e0 SAGEO 2013"},"content":{"rendered":"<p>D<a href=\"https:\/\/geosas.fr\/web\/wp-content\/uploads\/2013\/12\/FRANCE1.gif\"><img loading=\"lazy\" decoding=\"async\" class=\"alignright size-full wp-image-1328\" title=\"FRANCE\" src=\"https:\/\/geosas.fr\/web\/wp-content\/uploads\/2013\/12\/FRANCE1.gif\" alt=\"\" width=\"48\" height=\"33\"><\/a>u 23 au 26 septembre 2013 s&rsquo;est tenue la conf\u00e9rence internationale de g\u00e9omatique et d&rsquo;analyse spatiale <a href=\"http:\/\/sageo2013.sciencesconf.org\/\">SAGEO<\/a>. Cette conf\u00e9rence, port\u00e9e par le <a href=\"http:\/\/gdr-magis.imag.fr\" target=\"_blank\" rel=\"noopener\">GDR MAGIS<\/a> fait le lien entre les acteurs de la recherche francophone en g\u00e9omatique, s&rsquo;est d\u00e9roul\u00e9e sur le site de&nbsp; <a href=\"http:\/\/www-iuem.univ-brest.fr\/\">IUEM<\/a> \u00e0 Brest.<br \/>\nL&rsquo;IDS G\u00e9oSAS en g\u00e9n\u00e9ral et l&rsquo;addon WPS bassin versant en particulier y ont \u00e9t\u00e9 pr\u00e9sent\u00e9 par un <a title=\"Pr\u00e9sentation du WPS Bassin Versant \u00e0 SAGEO 2013\" href=\"https:\/\/geosas.fr\/web\/wp-content\/uploads\/2013\/09\/posterA0-INRA.pdf\" target=\"_blank\" rel=\"noopener\">poster<\/a> et des d\u00e9mos:<br \/>\nOn peut extraire des bassins versants par WPS de quatre mani\u00e8res diff\u00e9rentes, gr\u00e2ce \u00e0 l&rsquo;addon (outils &gt; hydrologie &gt; bassin versant) du visualieur :<\/p>\n<ul>\n<li>par un click sur la carte,<\/li>\n<li>en op\u00e9rant une s\u00e9lection sur une carte pr\u00e9alablement charg\u00e9e (couche OWS, OGC Web Service),<\/li>\n<li>en chargeant un fichier GML,<\/li>\n<li>en s\u00e9lectionnant une couche OWS pr\u00e9alablement charg\u00e9e dans le visualiseur.<\/li>\n<\/ul>\n<p>Essayez (ci-dessous) &#8230;<br \/>\n<iframe loading=\"lazy\" style=\"border: 0pt none;\" src=\"https:\/\/geosas.fr\/mapfishapp\/?noheader\" scrolling=\"auto\" width=\"100%\" height=\"500\" frameborder=\"0\"><\/iframe><\/p>\n<p style=\"text-align: center;\"><strong><a href=\"https:\/\/geosas.fr\/mapfishapp\/?noheader\">Plein \u00e9cran<\/a><\/strong><\/p>\n","protected":false},"excerpt":{"rendered":"<p>Du 23 au 26 septembre 2013 s&rsquo;est tenue la conf\u00e9rence internationale de g\u00e9omatique et d&rsquo;analyse spatiale SAGEO. Cette conf\u00e9rence, port\u00e9e par le GDR MAGIS fait &hellip; <\/p>\n","protected":false},"author":2,"featured_media":0,"comment_status":"closed","ping_status":"closed","sticky":false,"template":"","format":"standard","meta":{"footnotes":""},"categories":[2,6,8,9],"tags":[],"class_list":["post-1106","post","type-post","status-publish","format-standard","hentry","category-communaute","category-modelisation","category-recherche","category-toutes-les-actualites"],"yoast_head":"<!-- This site is optimized with the Yoast SEO plugin v24.7 - https:\/\/yoast.com\/wordpress\/plugins\/seo\/ -->\n<title>Pr\u00e9sentation du WPS Bassin Versant \u00e0 SAGEO 2013 - G\u00e9oSAS<\/title>\n<meta name=\"robots\" content=\"index, follow, max-snippet:-1, max-image-preview:large, max-video-preview:-1\" \/>\n<link rel=\"canonical\" href=\"https:\/\/geosas.fr\/web\/?p=1106\" \/>\n<meta property=\"og:locale\" content=\"fr_FR\" \/>\n<meta property=\"og:type\" content=\"article\" \/>\n<meta property=\"og:title\" content=\"Pr\u00e9sentation du WPS Bassin Versant \u00e0 SAGEO 2013 - G\u00e9oSAS\" \/>\n<meta property=\"og:description\" content=\"Du 23 au 26 septembre 2013 s&rsquo;est tenue la conf\u00e9rence internationale de g\u00e9omatique et d&rsquo;analyse spatiale SAGEO. Cette conf\u00e9rence, port\u00e9e par le GDR MAGIS fait &hellip;\" \/>\n<meta property=\"og:url\" content=\"https:\/\/geosas.fr\/web\/?p=1106\" \/>\n<meta property=\"og:site_name\" content=\"G\u00e9oSAS\" \/>\n<meta property=\"article:published_time\" content=\"2013-09-26T20:33:52+00:00\" \/>\n<meta property=\"article:modified_time\" content=\"2022-01-10T14:32:24+00:00\" \/>\n<meta property=\"og:image\" content=\"https:\/\/geosas.fr\/web\/wp-content\/uploads\/2013\/12\/FRANCE1.gif\" \/>\n<meta name=\"author\" content=\"Rod\" \/>\n<meta name=\"twitter:card\" content=\"summary_large_image\" \/>\n<meta name=\"twitter:label1\" content=\"Written by\" \/>\n\t<meta name=\"twitter:data1\" content=\"Rod\" \/>\n\t<meta name=\"twitter:label2\" content=\"Est. reading time\" \/>\n\t<meta name=\"twitter:data2\" content=\"1 minute\" \/>\n<script type=\"application\/ld+json\" class=\"yoast-schema-graph\">{\"@context\":\"https:\/\/schema.org\",\"@graph\":[{\"@type\":\"Article\",\"@id\":\"https:\/\/geosas.fr\/web\/?p=1106#article\",\"isPartOf\":{\"@id\":\"https:\/\/geosas.fr\/web\/?p=1106\"},\"author\":{\"name\":\"Rod\",\"@id\":\"https:\/\/geosas.fr\/web\/#\/schema\/person\/57a01dcfb9fdf9c6305f6f7479bdad53\"},\"headline\":\"Pr\u00e9sentation du WPS Bassin Versant \u00e0 SAGEO 2013\",\"datePublished\":\"2013-09-26T20:33:52+00:00\",\"dateModified\":\"2022-01-10T14:32:24+00:00\",\"mainEntityOfPage\":{\"@id\":\"https:\/\/geosas.fr\/web\/?p=1106\"},\"wordCount\":154,\"publisher\":{\"@id\":\"https:\/\/geosas.fr\/web\/#organization\"},\"image\":{\"@id\":\"https:\/\/geosas.fr\/web\/?p=1106#primaryimage\"},\"thumbnailUrl\":\"https:\/\/geosas.fr\/web\/wp-content\/uploads\/2013\/12\/FRANCE1.gif\",\"articleSection\":[\"Communaut\u00e9\",\"Mod\u00e9lisation\",\"Recherche\",\"Toutes les actualit\u00e9s\"],\"inLanguage\":\"fr-FR\"},{\"@type\":\"WebPage\",\"@id\":\"https:\/\/geosas.fr\/web\/?p=1106\",\"url\":\"https:\/\/geosas.fr\/web\/?p=1106\",\"name\":\"Pr\u00e9sentation du WPS Bassin Versant \u00e0 SAGEO 2013 - G\u00e9oSAS\",\"isPartOf\":{\"@id\":\"https:\/\/geosas.fr\/web\/#website\"},\"primaryImageOfPage\":{\"@id\":\"https:\/\/geosas.fr\/web\/?p=1106#primaryimage\"},\"image\":{\"@id\":\"https:\/\/geosas.fr\/web\/?p=1106#primaryimage\"},\"thumbnailUrl\":\"https:\/\/geosas.fr\/web\/wp-content\/uploads\/2013\/12\/FRANCE1.gif\",\"datePublished\":\"2013-09-26T20:33:52+00:00\",\"dateModified\":\"2022-01-10T14:32:24+00:00\",\"breadcrumb\":{\"@id\":\"https:\/\/geosas.fr\/web\/?p=1106#breadcrumb\"},\"inLanguage\":\"fr-FR\",\"potentialAction\":[{\"@type\":\"ReadAction\",\"target\":[\"https:\/\/geosas.fr\/web\/?p=1106\"]}]},{\"@type\":\"ImageObject\",\"inLanguage\":\"fr-FR\",\"@id\":\"https:\/\/geosas.fr\/web\/?p=1106#primaryimage\",\"url\":\"https:\/\/geosas.fr\/web\/wp-content\/uploads\/2013\/12\/FRANCE1.gif\",\"contentUrl\":\"https:\/\/geosas.fr\/web\/wp-content\/uploads\/2013\/12\/FRANCE1.gif\",\"width\":48,\"height\":33},{\"@type\":\"BreadcrumbList\",\"@id\":\"https:\/\/geosas.fr\/web\/?p=1106#breadcrumb\",\"itemListElement\":[{\"@type\":\"ListItem\",\"position\":1,\"name\":\"Home\",\"item\":\"https:\/\/geosas.fr\/web\/\"},{\"@type\":\"ListItem\",\"position\":2,\"name\":\"Pr\u00e9sentation du WPS Bassin Versant \u00e0 SAGEO 2013\"}]},{\"@type\":\"WebSite\",\"@id\":\"https:\/\/geosas.fr\/web\/#website\",\"url\":\"https:\/\/geosas.fr\/web\/\",\"name\":\"G\u00e9oSAS\",\"description\":\"Portail de l&#039;information g\u00e9ographique de l&#039;UMR SAS - INRAE - Institut Agro\",\"publisher\":{\"@id\":\"https:\/\/geosas.fr\/web\/#organization\"},\"potentialAction\":[{\"@type\":\"SearchAction\",\"target\":{\"@type\":\"EntryPoint\",\"urlTemplate\":\"https:\/\/geosas.fr\/web\/?s={search_term_string}\"},\"query-input\":{\"@type\":\"PropertyValueSpecification\",\"valueRequired\":true,\"valueName\":\"search_term_string\"}}],\"inLanguage\":\"fr-FR\"},{\"@type\":\"Organization\",\"@id\":\"https:\/\/geosas.fr\/web\/#organization\",\"name\":\"G\u00e9oSAS\",\"url\":\"https:\/\/geosas.fr\/web\/\",\"logo\":{\"@type\":\"ImageObject\",\"inLanguage\":\"fr-FR\",\"@id\":\"https:\/\/geosas.fr\/web\/#\/schema\/logo\/image\/\",\"url\":\"https:\/\/geosas.fr\/web\/wp-content\/uploads\/2021\/03\/cropped-Moyen-logo-BleuF-2.png\",\"contentUrl\":\"https:\/\/geosas.fr\/web\/wp-content\/uploads\/2021\/03\/cropped-Moyen-logo-BleuF-2.png\",\"width\":358,\"height\":90,\"caption\":\"G\u00e9oSAS\"},\"image\":{\"@id\":\"https:\/\/geosas.fr\/web\/#\/schema\/logo\/image\/\"}},{\"@type\":\"Person\",\"@id\":\"https:\/\/geosas.fr\/web\/#\/schema\/person\/57a01dcfb9fdf9c6305f6f7479bdad53\",\"name\":\"Rod\",\"image\":{\"@type\":\"ImageObject\",\"inLanguage\":\"fr-FR\",\"@id\":\"https:\/\/geosas.fr\/web\/#\/schema\/person\/image\/\",\"url\":\"https:\/\/secure.gravatar.com\/avatar\/?s=96&d=mm&r=g\",\"contentUrl\":\"https:\/\/secure.gravatar.com\/avatar\/?s=96&d=mm&r=g\",\"caption\":\"Rod\"},\"url\":\"https:\/\/geosas.fr\/web\/?author=2\"}]}<\/script>\n<!-- \/ Yoast SEO plugin. -->","yoast_head_json":{"title":"Pr\u00e9sentation du WPS Bassin Versant \u00e0 SAGEO 2013 - G\u00e9oSAS","robots":{"index":"index","follow":"follow","max-snippet":"max-snippet:-1","max-image-preview":"max-image-preview:large","max-video-preview":"max-video-preview:-1"},"canonical":"https:\/\/geosas.fr\/web\/?p=1106","og_locale":"fr_FR","og_type":"article","og_title":"Pr\u00e9sentation du WPS Bassin Versant \u00e0 SAGEO 2013 - G\u00e9oSAS","og_description":"Du 23 au 26 septembre 2013 s&rsquo;est tenue la conf\u00e9rence internationale de g\u00e9omatique et d&rsquo;analyse spatiale SAGEO. Cette conf\u00e9rence, port\u00e9e par le GDR MAGIS fait &hellip;","og_url":"https:\/\/geosas.fr\/web\/?p=1106","og_site_name":"G\u00e9oSAS","article_published_time":"2013-09-26T20:33:52+00:00","article_modified_time":"2022-01-10T14:32:24+00:00","og_image":[{"url":"https:\/\/geosas.fr\/web\/wp-content\/uploads\/2013\/12\/FRANCE1.gif","type":"","width":"","height":""}],"author":"Rod","twitter_card":"summary_large_image","twitter_misc":{"Written by":"Rod","Est. reading time":"1 minute"},"schema":{"@context":"https:\/\/schema.org","@graph":[{"@type":"Article","@id":"https:\/\/geosas.fr\/web\/?p=1106#article","isPartOf":{"@id":"https:\/\/geosas.fr\/web\/?p=1106"},"author":{"name":"Rod","@id":"https:\/\/geosas.fr\/web\/#\/schema\/person\/57a01dcfb9fdf9c6305f6f7479bdad53"},"headline":"Pr\u00e9sentation du WPS Bassin Versant \u00e0 SAGEO 2013","datePublished":"2013-09-26T20:33:52+00:00","dateModified":"2022-01-10T14:32:24+00:00","mainEntityOfPage":{"@id":"https:\/\/geosas.fr\/web\/?p=1106"},"wordCount":154,"publisher":{"@id":"https:\/\/geosas.fr\/web\/#organization"},"image":{"@id":"https:\/\/geosas.fr\/web\/?p=1106#primaryimage"},"thumbnailUrl":"https:\/\/geosas.fr\/web\/wp-content\/uploads\/2013\/12\/FRANCE1.gif","articleSection":["Communaut\u00e9","Mod\u00e9lisation","Recherche","Toutes les actualit\u00e9s"],"inLanguage":"fr-FR"},{"@type":"WebPage","@id":"https:\/\/geosas.fr\/web\/?p=1106","url":"https:\/\/geosas.fr\/web\/?p=1106","name":"Pr\u00e9sentation du WPS Bassin Versant \u00e0 SAGEO 2013 - G\u00e9oSAS","isPartOf":{"@id":"https:\/\/geosas.fr\/web\/#website"},"primaryImageOfPage":{"@id":"https:\/\/geosas.fr\/web\/?p=1106#primaryimage"},"image":{"@id":"https:\/\/geosas.fr\/web\/?p=1106#primaryimage"},"thumbnailUrl":"https:\/\/geosas.fr\/web\/wp-content\/uploads\/2013\/12\/FRANCE1.gif","datePublished":"2013-09-26T20:33:52+00:00","dateModified":"2022-01-10T14:32:24+00:00","breadcrumb":{"@id":"https:\/\/geosas.fr\/web\/?p=1106#breadcrumb"},"inLanguage":"fr-FR","potentialAction":[{"@type":"ReadAction","target":["https:\/\/geosas.fr\/web\/?p=1106"]}]},{"@type":"ImageObject","inLanguage":"fr-FR","@id":"https:\/\/geosas.fr\/web\/?p=1106#primaryimage","url":"https:\/\/geosas.fr\/web\/wp-content\/uploads\/2013\/12\/FRANCE1.gif","contentUrl":"https:\/\/geosas.fr\/web\/wp-content\/uploads\/2013\/12\/FRANCE1.gif","width":48,"height":33},{"@type":"BreadcrumbList","@id":"https:\/\/geosas.fr\/web\/?p=1106#breadcrumb","itemListElement":[{"@type":"ListItem","position":1,"name":"Home","item":"https:\/\/geosas.fr\/web\/"},{"@type":"ListItem","position":2,"name":"Pr\u00e9sentation du WPS Bassin Versant \u00e0 SAGEO 2013"}]},{"@type":"WebSite","@id":"https:\/\/geosas.fr\/web\/#website","url":"https:\/\/geosas.fr\/web\/","name":"G\u00e9oSAS","description":"Portail de l&#039;information g\u00e9ographique de l&#039;UMR SAS - INRAE - Institut Agro","publisher":{"@id":"https:\/\/geosas.fr\/web\/#organization"},"potentialAction":[{"@type":"SearchAction","target":{"@type":"EntryPoint","urlTemplate":"https:\/\/geosas.fr\/web\/?s={search_term_string}"},"query-input":{"@type":"PropertyValueSpecification","valueRequired":true,"valueName":"search_term_string"}}],"inLanguage":"fr-FR"},{"@type":"Organization","@id":"https:\/\/geosas.fr\/web\/#organization","name":"G\u00e9oSAS","url":"https:\/\/geosas.fr\/web\/","logo":{"@type":"ImageObject","inLanguage":"fr-FR","@id":"https:\/\/geosas.fr\/web\/#\/schema\/logo\/image\/","url":"https:\/\/geosas.fr\/web\/wp-content\/uploads\/2021\/03\/cropped-Moyen-logo-BleuF-2.png","contentUrl":"https:\/\/geosas.fr\/web\/wp-content\/uploads\/2021\/03\/cropped-Moyen-logo-BleuF-2.png","width":358,"height":90,"caption":"G\u00e9oSAS"},"image":{"@id":"https:\/\/geosas.fr\/web\/#\/schema\/logo\/image\/"}},{"@type":"Person","@id":"https:\/\/geosas.fr\/web\/#\/schema\/person\/57a01dcfb9fdf9c6305f6f7479bdad53","name":"Rod","image":{"@type":"ImageObject","inLanguage":"fr-FR","@id":"https:\/\/geosas.fr\/web\/#\/schema\/person\/image\/","url":"https:\/\/secure.gravatar.com\/avatar\/?s=96&d=mm&r=g","contentUrl":"https:\/\/secure.gravatar.com\/avatar\/?s=96&d=mm&r=g","caption":"Rod"},"url":"https:\/\/geosas.fr\/web\/?author=2"}]}},"_links":{"self":[{"href":"https:\/\/geosas.fr\/web\/index.php?rest_route=\/wp\/v2\/posts\/1106","targetHints":{"allow":["GET"]}}],"collection":[{"href":"https:\/\/geosas.fr\/web\/index.php?rest_route=\/wp\/v2\/posts"}],"about":[{"href":"https:\/\/geosas.fr\/web\/index.php?rest_route=\/wp\/v2\/types\/post"}],"author":[{"embeddable":true,"href":"https:\/\/geosas.fr\/web\/index.php?rest_route=\/wp\/v2\/users\/2"}],"replies":[{"embeddable":true,"href":"https:\/\/geosas.fr\/web\/index.php?rest_route=%2Fwp%2Fv2%2Fcomments&post=1106"}],"version-history":[{"count":2,"href":"https:\/\/geosas.fr\/web\/index.php?rest_route=\/wp\/v2\/posts\/1106\/revisions"}],"predecessor-version":[{"id":5574,"href":"https:\/\/geosas.fr\/web\/index.php?rest_route=\/wp\/v2\/posts\/1106\/revisions\/5574"}],"wp:attachment":[{"href":"https:\/\/geosas.fr\/web\/index.php?rest_route=%2Fwp%2Fv2%2Fmedia&parent=1106"}],"wp:term":[{"taxonomy":"category","embeddable":true,"href":"https:\/\/geosas.fr\/web\/index.php?rest_route=%2Fwp%2Fv2%2Fcategories&post=1106"},{"taxonomy":"post_tag","embeddable":true,"href":"https:\/\/geosas.fr\/web\/index.php?rest_route=%2Fwp%2Fv2%2Ftags&post=1106"}],"curies":[{"name":"wp","href":"https:\/\/api.w.org\/{rel}","templated":true}]}}